{"id":9134,"date":"2025-10-22T12:00:37","date_gmt":"2025-10-22T10:00:37","guid":{"rendered":"https:\/\/www.areabesos.com\/diario\/?p=9134"},"modified":"2025-10-22T12:00:38","modified_gmt":"2025-10-22T10:00:38","slug":"els-comercos-de-sant-adria-organitzen-una-ruta-per-halloween","status":"publish","type":"post","link":"https:\/\/www.areabesos.com\/diario\/els-comercos-de-sant-adria-organitzen-una-ruta-per-halloween\/","title":{"rendered":"Els comer\u00e7os de Sant Adri\u00e0 organitzen una ruta per Halloween"},"content":{"rendered":"\n<p>El proper 31 d\u2019octubre a partir de les 17:30h els comer\u00e7os de Sant Adri\u00e0 de Bes\u00f2s organitzen la ruta de Halloween amb repartiment de caramels i amb la col\u00b7laboraci\u00f3 de l\u2019Ajuntament.\u00a0Nom\u00e9s cal que vagis disfressat, visitis els comer\u00e7os de la ruta que trobar\u00e0s a trav\u00e9s del codi qr i diguis la frase&#8230;<\/p>\n\n\n\n<p>A m\u00e9s, a les 20h a la Pla\u00e7a de la Vil\u00b7la hi haur\u00e0 un concert amb el grup de versions FASE-4.<\/p>\n","protected":false},"excerpt":{"rendered":"<p>El proper 31 d\u2019octubre a partir de les 17:30h els comer\u00e7os de Sant Adri\u00e0 de Bes\u00f2s organitzen la ruta de Halloween amb repartiment de caramels i amb la col\u00b7laboraci\u00f3 de l\u2019Ajuntament.\u00a0Nom\u00e9s cal que vagis disfressat, visitis els comer\u00e7os de la ruta que trobar\u00e0s a trav\u00e9s del codi qr i diguis la frase&#8230; A m\u00e9s, a [&hellip;]<\/p>\n","protected":false},"author":2,"featured_media":9135,"comment_status":"closed","ping_status":"open","sticky":false,"template":"","format":"standard","meta":{"footnotes":""},"categories":[136],"tags":[],"class_list":{"0":"post-9134","1":"post","2":"type-post","3":"status-publish","4":"format-standard","5":"has-post-thumbnail","7":"category-cultura"},"_links":{"self":[{"href":"https:\/\/www.areabesos.com\/diario\/wp-json\/wp\/v2\/posts\/9134","targetHints":{"allow":["GET"]}}],"collection":[{"href":"https:\/\/www.areabesos.com\/diario\/wp-json\/wp\/v2\/posts"}],"about":[{"href":"https:\/\/www.areabesos.com\/diario\/wp-json\/wp\/v2\/types\/post"}],"author":[{"embeddable":true,"href":"https:\/\/www.areabesos.com\/diario\/wp-json\/wp\/v2\/users\/2"}],"replies":[{"embeddable":true,"href":"https:\/\/www.areabesos.com\/diario\/wp-json\/wp\/v2\/comments?post=9134"}],"version-history":[{"count":1,"href":"https:\/\/www.areabesos.com\/diario\/wp-json\/wp\/v2\/posts\/9134\/revisions"}],"predecessor-version":[{"id":9136,"href":"https:\/\/www.areabesos.com\/diario\/wp-json\/wp\/v2\/posts\/9134\/revisions\/9136"}],"wp:featuredmedia":[{"embeddable":true,"href":"https:\/\/www.areabesos.com\/diario\/wp-json\/wp\/v2\/media\/9135"}],"wp:attachment":[{"href":"https:\/\/www.areabesos.com\/diario\/wp-json\/wp\/v2\/media?parent=9134"}],"wp:term":[{"taxonomy":"category","embeddable":true,"href":"https:\/\/www.areabesos.com\/diario\/wp-json\/wp\/v2\/categories?post=9134"},{"taxonomy":"post_tag","embeddable":true,"href":"https:\/\/www.areabesos.com\/diario\/wp-json\/wp\/v2\/tags?post=9134"}],"curies":[{"name":"wp","href":"https:\/\/api.w.org\/{rel}","templated":true}]}}