{"id":9131,"date":"2025-10-22T11:55:50","date_gmt":"2025-10-22T09:55:50","guid":{"rendered":"https:\/\/www.areabesos.com\/diario\/?p=9131"},"modified":"2025-10-22T11:55:51","modified_gmt":"2025-10-22T09:55:51","slug":"hay-que-dejar-sin-trabajo-a-ciertas-maquinas","status":"publish","type":"post","link":"https:\/\/www.areabesos.com\/diario\/hay-que-dejar-sin-trabajo-a-ciertas-maquinas\/","title":{"rendered":"Hay que dejar sin trabajo a ciertas m\u00e1quinas"},"content":{"rendered":"\n<p>Tambi\u00e9n porque solo son cosas y no nos costar\u00e1n el subsidio de desempleo.<\/p>\n\n\n\n<p>\u00abDesea usted tener una sonrisa&#8230;\u00bb es todo lo que le he permitido decir a una voz grabada y siempre femenina desde un lugar que quiz\u00e1s no existe al otro lado del tel\u00e9fono sin hilos porque me habr\u00eda convencido m\u00e1s y mejor la inolvidable de Robert de Niro en \u00abEl cabo del miedo\u00bb, una pel\u00edcula cuyo t\u00edtulo muchos no recordar\u00edan si no fuera por aquella palabra de siete letras que comienza por las dos primeras del abecedario castellano y que pronunci\u00f3 \u00e9l, mucho m\u00e1s que un actor y hoy contra Trump en la lucha necesaria para salvar al planeta del ansia de poder que nace de la alianza entre dinero y violencia con la que construyen el escenario de locos que necesitan para desquiciarnos.<\/p>\n\n\n\n<p>Pero no, hoy quer\u00eda escribir del acoso que sufrimos por culpa de la publicidad no deseada que viola cada vez la intimidad de nuestro artilugio m\u00e1s privado porque no quiero escuchar voces de las&nbsp;que embelesan ni de las que asustan para venderme cosas que dejan de interesarme desde el momento en que me molestan para ofrecerlas.<\/p>\n\n\n\n<p>No quiero llamadas desde n\u00fameros que antes de descolgar no me informan de qui\u00e9n paga su precio por funcionar y que despu\u00e9s me contar\u00e1n mentiras como las que algunos pol\u00edticos colocan en medios a los que mantienen con publicidad institucional que no cuadra con las audiencias, o desviando financiaci\u00f3n ilegal de la que su partido consigue tras cobrar en negro a muchas empresas por los contratos p\u00fablicos que les adjudican y cuyo dinero conf\u00edan despu\u00e9s a los mismos \u00abasesores\u00bb que eligi\u00f3 SMI, o Su Majestad Inviolable, que no hay que confundir con el m\u00ednimo legal que se paga por trabajar, o Impune, que se ajusta m\u00e1s a la realidad, especialmente tras leer \u201cEl caso Noos\u201d, escrito por el \u00fanico ex juez en quien est\u00e1 usted pensando.<\/p>\n\n\n\n<p>Resumiendo, que escogen la mejor guarida para gestionar los beneficios de sus corrupciones y, si no me cree, escriba en el buscador las palabras \u201cGurtel Fasana Blanco Balin\u201d y compruebe el nombre del ex SMI que aparece en la pantalla, a quien tambi\u00e9n podr\u00e1 encontrar escribiendo MASUFA, un acr\u00f3nimo que igualmente respeta la legalidad vigente, constitucional, por supuesto.<\/p>\n\n\n\n<p>Por cierto, a\u00fan espero que Carmen Calvo informe del d\u00eda exacto, quiz\u00e1s entre julio de 2021 y abril de 2022, en el que se produjo la consulta de la que inform\u00f3 el 09\/052022. S\u00ed, se\u00f1ora presidenta del Consejo de Estado, fue cuando supo que SMI\/MASUFA actual quer\u00eda seguir disfrutando del mismo privilegio que su padre, el que le permite cometer cualquier delito de los que s\u00ed figuran en el C\u00f3digo Penal para el resto de mortales fichados con el DNI de su \u00abReino\u00bb.<\/p>\n\n\n\n<p>Pero yo quer\u00eda escribir contra la publicidad impertinente y he terminado en territorio del \u201catado y bien atado\u201d, aunque lo que me preocupa es saber si me he contagiado de la demagogia chulesca de una IDA que seg\u00fan la IA, tan pol\u00edticamente correcta siempre, es la \u201cIngesta Diaria Admisible\u201d, quiz\u00e1s tambi\u00e9n de \u201cfruta\u201d, y ya sabe que me estoy refiriendo a esa presidenta que fue capaz de insultar a los valientes de la Flotilla colando en la misma frase a una ETA que se disolvi\u00f3 hace catorce a\u00f1os mientras ellos se la jugaban provocando a Netanyahu\u2026, hasta que cay\u00f3 en la trampa de secuestrarlos, lo que, por una parte, se ha traducido en un gran descenso del n\u00famero de asesinados en Gaza y, por otra, en un Trump inventando a toda prisa un \u201cplan de paz\u201d que incluso le ha obligado a \u201cconsolar\u201d al genocida con lo del \u201cbuen uso\u00bb que hizo de las bombas que le estuvo enviando.<\/p>\n\n\n\n<p>Reconozco una vez m\u00e1s que lo que yo quer\u00eda era enlazar argumentos contra esas llamadas impertinentes que la ley aprobada por el Gobierno no ha impedido, pero si no lo consigo es porque Trump y los suyos est\u00e1n logrando que muchos no sepamos lo que queremos hacer en cada momento.<\/p>\n\n\n\n<p>Generalizan la confusi\u00f3n para quedarse con todo y a nosotros, los miles de millones que somos, convertirnos en m\u00e1quinas obligadas a decir solo lo que nos ordenen porque, de lo contrario, nos rociar\u00e1n de mierda lanzada desde el cielo y de repente, tras verlo pilotando un avi\u00f3n disfrazado de \u201cKing\u201d, comprendo el motivo que me ha llevado a hablar de quien aqu\u00ed es SMI para no tener nunca necesidad de defenderse y tambi\u00e9n MASUFA por si en alg\u00fan momento le interesa dar \u00f3rdenes para pasar al ataque.<\/p>\n\n\n\n<p><strong>Domingo Sanz<\/strong><\/p>\n","protected":false},"excerpt":{"rendered":"<p>Tambi\u00e9n porque solo son cosas y no nos costar\u00e1n el subsidio de desempleo. \u00abDesea usted tener una sonrisa&#8230;\u00bb es todo lo que le he permitido decir a una voz grabada y siempre femenina desde un lugar que quiz\u00e1s no existe al otro lado del tel\u00e9fono sin hilos porque me habr\u00eda convencido m\u00e1s y mejor la [&hellip;]<\/p>\n","protected":false},"author":2,"featured_media":9132,"comment_status":"closed","ping_status":"open","sticky":false,"template":"","format":"standard","meta":{"footnotes":""},"categories":[139],"tags":[],"class_list":{"0":"post-9131","1":"post","2":"type-post","3":"status-publish","4":"format-standard","5":"has-post-thumbnail","7":"category-opinio"},"_links":{"self":[{"href":"https:\/\/www.areabesos.com\/diario\/wp-json\/wp\/v2\/posts\/9131","targetHints":{"allow":["GET"]}}],"collection":[{"href":"https:\/\/www.areabesos.com\/diario\/wp-json\/wp\/v2\/posts"}],"about":[{"href":"https:\/\/www.areabesos.com\/diario\/wp-json\/wp\/v2\/types\/post"}],"author":[{"embeddable":true,"href":"https:\/\/www.areabesos.com\/diario\/wp-json\/wp\/v2\/users\/2"}],"replies":[{"embeddable":true,"href":"https:\/\/www.areabesos.com\/diario\/wp-json\/wp\/v2\/comments?post=9131"}],"version-history":[{"count":1,"href":"https:\/\/www.areabesos.com\/diario\/wp-json\/wp\/v2\/posts\/9131\/revisions"}],"predecessor-version":[{"id":9133,"href":"https:\/\/www.areabesos.com\/diario\/wp-json\/wp\/v2\/posts\/9131\/revisions\/9133"}],"wp:featuredmedia":[{"embeddable":true,"href":"https:\/\/www.areabesos.com\/diario\/wp-json\/wp\/v2\/media\/9132"}],"wp:attachment":[{"href":"https:\/\/www.areabesos.com\/diario\/wp-json\/wp\/v2\/media?parent=9131"}],"wp:term":[{"taxonomy":"category","embeddable":true,"href":"https:\/\/www.areabesos.com\/diario\/wp-json\/wp\/v2\/categories?post=9131"},{"taxonomy":"post_tag","embeddable":true,"href":"https:\/\/www.areabesos.com\/diario\/wp-json\/wp\/v2\/tags?post=9131"}],"curies":[{"name":"wp","href":"https:\/\/api.w.org\/{rel}","templated":true}]}}