{"id":9128,"date":"2025-10-21T13:12:44","date_gmt":"2025-10-21T11:12:44","guid":{"rendered":"https:\/\/www.areabesos.com\/diario\/?p=9128"},"modified":"2025-10-21T13:12:45","modified_gmt":"2025-10-21T11:12:45","slug":"el-casal-de-cultura-celebra-40-anys-amb-una-programacio-especial","status":"publish","type":"post","link":"https:\/\/www.areabesos.com\/diario\/el-casal-de-cultura-celebra-40-anys-amb-una-programacio-especial\/","title":{"rendered":"El Casal de Cultura celebra 40 anys amb una programaci\u00f3 especial"},"content":{"rendered":"\n<p class=\" \">El&nbsp;<strong>Casal de Cultura de Sant Adri\u00e0&nbsp;<\/strong>celebra el seu&nbsp;<strong>40\u00e8 aniversari<\/strong>&nbsp;amb una&nbsp;<strong>programaci\u00f3 especial<\/strong>&nbsp;que s\u2019allargar\u00e0 durant els mesos d\u2019<strong>octubre, novembre i desembre<\/strong>. Els actes, tots&nbsp;<strong>amb entrada gratu\u00efta<\/strong>&nbsp;i&nbsp;<strong>aforament limitat<\/strong>, tindran lloc al mateix equipament (c\/ Mare de D\u00e9u del Carme, 22).<\/p>\n\n\n\n<p>La programaci\u00f3 arrenca el&nbsp;<strong>24 d\u2019octubre<\/strong>&nbsp;amb&nbsp;<em>\u00abTangos\u00bb<\/em>, un concert pedag\u00f2gic a c\u00e0rrec de l\u2019<strong>Escola Municipal de M\u00fasica Benet Ba\u00efls<\/strong>&nbsp;(20 h).<br>El&nbsp;<strong>7 de novembre<\/strong>&nbsp;ser\u00e0 el torn de&nbsp;<em>\u00abEmociones\u00bb<\/em>&nbsp;amb&nbsp;<strong>Gabriel Vallone<\/strong>, un recorregut per boleros, tangos i balades (20 h).<br>El&nbsp;<strong>14 de novembre<\/strong>, la cantautora&nbsp;<strong>Maria Castell<\/strong>&nbsp;presentar\u00e0 el seu disc&nbsp;<em>\u00abSolstici\u00bb<\/em>&nbsp;(20 h), i el&nbsp;<strong>21 de novembre<\/strong>, el grup&nbsp;<strong>Quatre Gotes<\/strong>&nbsp;oferir\u00e0&nbsp;<em>\u00abRecomane Tenebres\u00bb<\/em>, un espectacle musical basat en versos de&nbsp;<strong>Vicent Andr\u00e9s Estell\u00e9s<\/strong>&nbsp;(20 h).<br>El&nbsp;<strong>28 de novembre<\/strong>,&nbsp;<strong>Sergi Nebot<\/strong>&nbsp;interpretar\u00e0&nbsp;<em>\u00abHoy puede ser un gran d\u00eda\u00bb<\/em>, un tribut a&nbsp;<strong>Joan Manuel Serrat<\/strong>&nbsp;(20 h).<\/p>\n\n\n\n<p>La programaci\u00f3 continuar\u00e0 al desembre amb el&nbsp;<strong>Concert de Nadal<\/strong>, a c\u00e0rrec del&nbsp;<strong>combo de corda de l\u2019Escola Municipal de M\u00fasica Benet Ba\u00efls<\/strong>&nbsp;(12 de desembre, 19 h), i es clour\u00e0 el&nbsp;<strong>19 de desembre<\/strong>&nbsp;amb l\u2019actuaci\u00f3 de la&nbsp;<strong>Big Band i grup de veu<\/strong>&nbsp;de la mateixa escola, juntament amb les corals&nbsp;<em>Tal com sona<\/em>&nbsp;(Tallers Guinard\u00f3) i&nbsp;<em>Esperan\u00e7a<\/em>&nbsp;(Escola Ntra. Sra. de l\u2019Esperan\u00e7a) (19 h).<\/p>\n\n\n\n<p>Obertura 15 minuts abans.<\/p>\n\n\n\n<p>Totes les activitats conviden la ciutadania a celebrar, amb m\u00fasica i cultura, els&nbsp;<strong>40 anys del Casal de Cultura<\/strong>, un espai de trobada i dinamitzaci\u00f3 art\u00edstica a Sant Adri\u00e0.<\/p>\n","protected":false},"excerpt":{"rendered":"<p>El&nbsp;Casal de Cultura de Sant Adri\u00e0&nbsp;celebra el seu&nbsp;40\u00e8 aniversari&nbsp;amb una&nbsp;programaci\u00f3 especial&nbsp;que s\u2019allargar\u00e0 durant els mesos d\u2019octubre, novembre i desembre. Els actes, tots&nbsp;amb entrada gratu\u00efta&nbsp;i&nbsp;aforament limitat, tindran lloc al mateix equipament (c\/ Mare de D\u00e9u del Carme, 22). La programaci\u00f3 arrenca el&nbsp;24 d\u2019octubre&nbsp;amb&nbsp;\u00abTangos\u00bb, un concert pedag\u00f2gic a c\u00e0rrec de l\u2019Escola Municipal de M\u00fasica Benet Ba\u00efls&nbsp;(20 h).El&nbsp;7 [&hellip;]<\/p>\n","protected":false},"author":2,"featured_media":9129,"comment_status":"closed","ping_status":"open","sticky":false,"template":"","format":"standard","meta":{"footnotes":""},"categories":[134],"tags":[],"class_list":{"0":"post-9128","1":"post","2":"type-post","3":"status-publish","4":"format-standard","5":"has-post-thumbnail","7":"category-actualitat"},"_links":{"self":[{"href":"https:\/\/www.areabesos.com\/diario\/wp-json\/wp\/v2\/posts\/9128","targetHints":{"allow":["GET"]}}],"collection":[{"href":"https:\/\/www.areabesos.com\/diario\/wp-json\/wp\/v2\/posts"}],"about":[{"href":"https:\/\/www.areabesos.com\/diario\/wp-json\/wp\/v2\/types\/post"}],"author":[{"embeddable":true,"href":"https:\/\/www.areabesos.com\/diario\/wp-json\/wp\/v2\/users\/2"}],"replies":[{"embeddable":true,"href":"https:\/\/www.areabesos.com\/diario\/wp-json\/wp\/v2\/comments?post=9128"}],"version-history":[{"count":1,"href":"https:\/\/www.areabesos.com\/diario\/wp-json\/wp\/v2\/posts\/9128\/revisions"}],"predecessor-version":[{"id":9130,"href":"https:\/\/www.areabesos.com\/diario\/wp-json\/wp\/v2\/posts\/9128\/revisions\/9130"}],"wp:featuredmedia":[{"embeddable":true,"href":"https:\/\/www.areabesos.com\/diario\/wp-json\/wp\/v2\/media\/9129"}],"wp:attachment":[{"href":"https:\/\/www.areabesos.com\/diario\/wp-json\/wp\/v2\/media?parent=9128"}],"wp:term":[{"taxonomy":"category","embeddable":true,"href":"https:\/\/www.areabesos.com\/diario\/wp-json\/wp\/v2\/categories?post=9128"},{"taxonomy":"post_tag","embeddable":true,"href":"https:\/\/www.areabesos.com\/diario\/wp-json\/wp\/v2\/tags?post=9128"}],"curies":[{"name":"wp","href":"https:\/\/api.w.org\/{rel}","templated":true}]}}