{"id":9125,"date":"2025-10-21T13:00:30","date_gmt":"2025-10-21T11:00:30","guid":{"rendered":"https:\/\/www.areabesos.com\/diario\/?p=9125"},"modified":"2025-10-21T13:00:32","modified_gmt":"2025-10-21T11:00:32","slug":"convocat-el-xxv-concurs-de-relats-breus-de-dones-paraules-dadriana","status":"publish","type":"post","link":"https:\/\/www.areabesos.com\/diario\/convocat-el-xxv-concurs-de-relats-breus-de-dones-paraules-dadriana\/","title":{"rendered":"Convocat el XXV Concurs de Relats Breus de Dones \u00abParaules d\u2019Adriana\u00bb"},"content":{"rendered":"\n<p>L\u2019Ajuntament de Sant Adri\u00e0 de Bes\u00f2s, a trav\u00e9s de la Regidoria d\u2019Igualtat, obre la convocat\u00f2ria per a una nova edici\u00f3 del Concurs de Relats Breus de Dones, \u00abParaules d\u2019Adriana\u00bb. Aquesta iniciativa dona l\u2019oportunitat a les dones d\u2019expressar-se i compartir les seves hist\u00f2ries en un format literari, promovent la creativitat i la reflexi\u00f3 sobre temes socials.<\/p>\n\n\n\n<p>El concurs \u00e9s obert a totes les dones a partir de 16 anys. Cada participant pot presentar un m\u00e0xim de dues obres. Els relats poden ser en catal\u00e0 o castell\u00e0 i han de ser in\u00e8dits, amb una extensi\u00f3 d\u2019entre 4 i 10 p\u00e0gines.<\/p>\n\n\n\n<p>Es lliuraran dos premis, un en categoria general dotat amb 750 euros, i un en catagoria Sant Adri\u00e0, dotat amb 450 euros, per a la millor obra d\u2019una autora empadronada a Sant Adri\u00e0 de Bes\u00f2s. Les autores de Sant Adri\u00e0 poden optar a totes dues categories.<\/p>\n\n\n\n<p>Els treballs es poden presentar fins al\u00a0<strong>12 de gener de 2026<\/strong>\u00a0per correu postal, electr\u00f2nic o presencialment al CIOD (Centre d\u2019Informaci\u00f3 i Orientaci\u00f3 de la Dona). Les dades de contacte i els requisits per a l\u2019enviament es troben detallats a les bases del concurs.<\/p>\n\n\n\n<p>Per a m\u00e9s informaci\u00f3,<a href=\"https:\/\/www.sant-adria.cat\/sant-adria-per-temes\/igualtat\/documents\/paraules-dadriana-2024\/bases-2024\" target=\"_blank\" rel=\"noreferrer noopener\">\u00a0<\/a><a href=\"https:\/\/www.sant-adria.cat\/sant-adria-per-temes\/igualtat\/documents\/adriana2025.pdf\">podeu consultar les bases.<\/a><\/p>\n\n\n\n<p><\/p>\n","protected":false},"excerpt":{"rendered":"<p>L\u2019Ajuntament de Sant Adri\u00e0 de Bes\u00f2s, a trav\u00e9s de la Regidoria d\u2019Igualtat, obre la convocat\u00f2ria per a una nova edici\u00f3 del Concurs de Relats Breus de Dones, \u00abParaules d\u2019Adriana\u00bb. Aquesta iniciativa dona l\u2019oportunitat a les dones d\u2019expressar-se i compartir les seves hist\u00f2ries en un format literari, promovent la creativitat i la reflexi\u00f3 sobre temes socials. [&hellip;]<\/p>\n","protected":false},"author":1,"featured_media":9126,"comment_status":"closed","ping_status":"open","sticky":false,"template":"","format":"standard","meta":{"footnotes":""},"categories":[136],"tags":[],"class_list":{"0":"post-9125","1":"post","2":"type-post","3":"status-publish","4":"format-standard","5":"has-post-thumbnail","7":"category-cultura"},"_links":{"self":[{"href":"https:\/\/www.areabesos.com\/diario\/wp-json\/wp\/v2\/posts\/9125","targetHints":{"allow":["GET"]}}],"collection":[{"href":"https:\/\/www.areabesos.com\/diario\/wp-json\/wp\/v2\/posts"}],"about":[{"href":"https:\/\/www.areabesos.com\/diario\/wp-json\/wp\/v2\/types\/post"}],"author":[{"embeddable":true,"href":"https:\/\/www.areabesos.com\/diario\/wp-json\/wp\/v2\/users\/1"}],"replies":[{"embeddable":true,"href":"https:\/\/www.areabesos.com\/diario\/wp-json\/wp\/v2\/comments?post=9125"}],"version-history":[{"count":1,"href":"https:\/\/www.areabesos.com\/diario\/wp-json\/wp\/v2\/posts\/9125\/revisions"}],"predecessor-version":[{"id":9127,"href":"https:\/\/www.areabesos.com\/diario\/wp-json\/wp\/v2\/posts\/9125\/revisions\/9127"}],"wp:featuredmedia":[{"embeddable":true,"href":"https:\/\/www.areabesos.com\/diario\/wp-json\/wp\/v2\/media\/9126"}],"wp:attachment":[{"href":"https:\/\/www.areabesos.com\/diario\/wp-json\/wp\/v2\/media?parent=9125"}],"wp:term":[{"taxonomy":"category","embeddable":true,"href":"https:\/\/www.areabesos.com\/diario\/wp-json\/wp\/v2\/categories?post=9125"},{"taxonomy":"post_tag","embeddable":true,"href":"https:\/\/www.areabesos.com\/diario\/wp-json\/wp\/v2\/tags?post=9125"}],"curies":[{"name":"wp","href":"https:\/\/api.w.org\/{rel}","templated":true}]}}