{"id":9122,"date":"2025-10-21T12:48:46","date_gmt":"2025-10-21T10:48:46","guid":{"rendered":"https:\/\/www.areabesos.com\/diario\/?p=9122"},"modified":"2025-10-21T12:48:47","modified_gmt":"2025-10-21T10:48:47","slug":"nou-taller-de-cuina-per-a-la-salut-mental-al-mercat-municipal","status":"publish","type":"post","link":"https:\/\/www.areabesos.com\/diario\/nou-taller-de-cuina-per-a-la-salut-mental-al-mercat-municipal\/","title":{"rendered":"Nou taller de cuina per a la salut mental al Mercat Municipal"},"content":{"rendered":"\n<p class=\" \">El&nbsp;<strong>dimecres 5 de novembre<\/strong>, de&nbsp;<strong>10 a 13 hores<\/strong>, el&nbsp;<strong>Mercat Municipal de Sant Adri\u00e0 de Bes\u00f2s<\/strong>&nbsp;es tornar\u00e0 a omplir d\u2019aromes i aprenentatge amb una nova edici\u00f3 del&nbsp;<strong>Cicle de Tallers de Cuina de la Taula de Salut Mental<\/strong>. En aquesta ocasi\u00f3, la recepta protagonista ser\u00e0 un&nbsp;<strong>filet de porc amb salsa de soja i verduretes<\/strong>, un plat saludable i sabor\u00f3s pensat per compartir, gaudir i cuidar-se.<\/p>\n\n\n\n<p class=\" \">El taller ser\u00e0 condu\u00eft per una persona del&nbsp;<strong>Centre F\u00f2rum del Parc de Salut Mar<\/strong>, que guiar\u00e0 els participants pas a pas en l\u2019elaboraci\u00f3 de la recepta i compartir\u00e0 consells per incorporar h\u00e0bits d\u2019alimentaci\u00f3 m\u00e9s saludables en el dia a dia.<\/p>\n\n\n\n<h3 class=\"wp-block-heading\"><strong>Una activitat per trencar estigmes i promoure la inclusi\u00f3<\/strong><\/h3>\n\n\n\n<p class=\" \">M\u00e9s enll\u00e0 de la cuina, aquest cicle vol esdevenir un&nbsp;<strong>espai comunitari de trobada i relaci\u00f3<\/strong>, on persones vinculades a la&nbsp;<strong>Taula de Salut Mental<\/strong>&nbsp;i a diferents entitats del territori comparteixen experi\u00e8ncies i coneixements.<\/p>\n\n\n\n<p class=\" \">L\u2019objectiu \u00e9s&nbsp;<strong>trencar estigmes associats a la salut mental<\/strong>, promoure el&nbsp;<strong>benestar emocional<\/strong>&nbsp;i&nbsp;<strong>refor\u00e7ar els vincles socials<\/strong>&nbsp;a trav\u00e9s d\u2019una activitat creativa i participativa.<\/p>\n\n\n\n<h3 class=\"wp-block-heading\"><strong>Col\u00b7laboraci\u00f3 entre entitats locals i sanit\u00e0ries<\/strong><\/h3>\n\n\n\n<p class=\" \">Els&nbsp;<strong>Tallers de Cuina per a la Salut Mental<\/strong>&nbsp;se celebren de manera&nbsp;<strong>trimestral<\/strong>&nbsp;i compten amb la col\u00b7laboraci\u00f3 de:<\/p>\n\n\n\n<ul class=\"wp-block-list\">\n<li><strong>Acc\u00e9s i SITUA\u2019T<\/strong>\u00a0del Consorci de la Mina<\/li>\n\n\n\n<li><strong>SRC B\u00e8tula<\/strong>\u00a0de Badalona Serveis Assistencials<\/li>\n\n\n\n<li><strong>Prelaboral B\u00e8tula<\/strong>\u00a0de BDN Capa\u00e7<\/li>\n\n\n\n<li><strong>Centre F\u00f2rum del Parc de Salut Mar<\/strong><\/li>\n\n\n\n<li><strong>Ajuntament de Sant Adri\u00e0 de Bes\u00f2s<\/strong><\/li>\n<\/ul>\n\n\n\n<p class=\" \"><strong>Activitat gratu\u00efta amb places limitades<\/strong><\/p>\n\n\n\n<p class=\" \">Les inscripcions ja estan obertes. Les persones interessades poden apuntar-se enviant un correu electr\u00f2nic a&nbsp;<strong><a>taulasab@gmail.com&nbsp;<\/a><\/strong>o trucant al&nbsp;<strong>933 812 004 (ext. 7134)<\/strong>.<\/p>\n\n\n\n<p class=\" \">Lloc: Mercat Municipal de Sant Adri\u00e0 de Bes\u00f2s<br>Data: Dimecres 5 de novembre<br>Horari: De 10 a 13 h<\/p>\n","protected":false},"excerpt":{"rendered":"<p>El&nbsp;dimecres 5 de novembre, de&nbsp;10 a 13 hores, el&nbsp;Mercat Municipal de Sant Adri\u00e0 de Bes\u00f2s&nbsp;es tornar\u00e0 a omplir d\u2019aromes i aprenentatge amb una nova edici\u00f3 del&nbsp;Cicle de Tallers de Cuina de la Taula de Salut Mental. En aquesta ocasi\u00f3, la recepta protagonista ser\u00e0 un&nbsp;filet de porc amb salsa de soja i verduretes, un plat saludable [&hellip;]<\/p>\n","protected":false},"author":2,"featured_media":9123,"comment_status":"closed","ping_status":"open","sticky":false,"template":"","format":"standard","meta":{"footnotes":""},"categories":[134],"tags":[],"class_list":{"0":"post-9122","1":"post","2":"type-post","3":"status-publish","4":"format-standard","5":"has-post-thumbnail","7":"category-actualitat"},"_links":{"self":[{"href":"https:\/\/www.areabesos.com\/diario\/wp-json\/wp\/v2\/posts\/9122","targetHints":{"allow":["GET"]}}],"collection":[{"href":"https:\/\/www.areabesos.com\/diario\/wp-json\/wp\/v2\/posts"}],"about":[{"href":"https:\/\/www.areabesos.com\/diario\/wp-json\/wp\/v2\/types\/post"}],"author":[{"embeddable":true,"href":"https:\/\/www.areabesos.com\/diario\/wp-json\/wp\/v2\/users\/2"}],"replies":[{"embeddable":true,"href":"https:\/\/www.areabesos.com\/diario\/wp-json\/wp\/v2\/comments?post=9122"}],"version-history":[{"count":1,"href":"https:\/\/www.areabesos.com\/diario\/wp-json\/wp\/v2\/posts\/9122\/revisions"}],"predecessor-version":[{"id":9124,"href":"https:\/\/www.areabesos.com\/diario\/wp-json\/wp\/v2\/posts\/9122\/revisions\/9124"}],"wp:featuredmedia":[{"embeddable":true,"href":"https:\/\/www.areabesos.com\/diario\/wp-json\/wp\/v2\/media\/9123"}],"wp:attachment":[{"href":"https:\/\/www.areabesos.com\/diario\/wp-json\/wp\/v2\/media?parent=9122"}],"wp:term":[{"taxonomy":"category","embeddable":true,"href":"https:\/\/www.areabesos.com\/diario\/wp-json\/wp\/v2\/categories?post=9122"},{"taxonomy":"post_tag","embeddable":true,"href":"https:\/\/www.areabesos.com\/diario\/wp-json\/wp\/v2\/tags?post=9122"}],"curies":[{"name":"wp","href":"https:\/\/api.w.org\/{rel}","templated":true}]}}