{"id":9111,"date":"2025-10-20T11:26:02","date_gmt":"2025-10-20T09:26:02","guid":{"rendered":"https:\/\/www.areabesos.com\/diario\/?p=9111"},"modified":"2025-10-20T11:31:02","modified_gmt":"2025-10-20T09:31:02","slug":"el-hop-consolida-sant-adria-com-a-referent-de-la-cultura-urbana","status":"publish","type":"post","link":"https:\/\/www.areabesos.com\/diario\/el-hop-consolida-sant-adria-com-a-referent-de-la-cultura-urbana\/","title":{"rendered":"El HOP consolida Sant Adri\u00e0 com a referent de la cultura urbana"},"content":{"rendered":"\n<p>Sant Adri\u00e0 de Bes\u00f2s va vibrar del 3 al 5 d\u2019octubre amb una nova edici\u00f3 del&nbsp;<strong>HOP Sant Adri\u00e0<\/strong>, un cap de setmana ple d\u2019art, circ, dansa i cultura urbana que va reunir&nbsp;<strong>milers de persones<\/strong>&nbsp;als carrers i places de la ciutat.<\/p>\n\n\n\n<p>L\u2019esdeveniment va comen\u00e7ar&nbsp;<strong>divendres 3 d\u2019octubre<\/strong>&nbsp;amb&nbsp;<em>Circ i Dansa a la Vila<\/em>, a la Pla\u00e7a de la Vila, on el p\u00fablic va gaudir de les propostes \u201c<strong>The Flamingo\u2019s<\/strong>\u201d de Los Herrerita i \u201c<strong>Hist\u00f2ria d\u2019un salt<\/strong>\u201d de The Concept, amb la presentaci\u00f3 de Jordi Montaner. Una tarda plena d\u2019humor, acrob\u00e0cies i emoci\u00f3 que va donar el tret de sortida al festival.<\/p>\n\n\n\n<p>L\u2019endem\u00e0,&nbsp;<strong>dissabte 4 d\u2019octubre<\/strong>, el festival va transformar el&nbsp;<strong>t\u00fanel del carrer Ol\u00edmpic amb Eduard Maristany<\/strong>&nbsp;en una explosi\u00f3 de color amb la&nbsp;<strong>IX Jam d\u2019Art Mural \u201cNatura i Color\u201d<\/strong>, on artistes i ve\u00efnat van participar en la creaci\u00f3 col\u00b7lectiva d\u2019un nou espai urb\u00e0 ple de vida i expressi\u00f3.<\/p>\n\n\n\n<p>A la tarda, la Pla\u00e7a de la Vila va tornar a omplir-se amb actuacions de circ i dansa que van fer les del\u00edcies del p\u00fablic: la batucada itinerant de&nbsp;<strong>SamBa-So<\/strong>,&nbsp;<strong>Musique<\/strong>,&nbsp;<strong>RosArai Circ<\/strong>,&nbsp;<strong>Professor Karoli<\/strong>,&nbsp;<strong>Los Abajo Firmantes<\/strong>,&nbsp;<strong>Colectivo Musique<\/strong>&nbsp;i&nbsp;<strong>Cia Seon<\/strong>&nbsp;van oferir un espectacle vibrant i divers. Els m\u00e9s petits tamb\u00e9 van tenir el seu espai creatiu amb&nbsp;<strong>Petits Artist@s en Fam\u00edlia<\/strong>, el&nbsp;<strong>taller de tattoo amb aerografia<\/strong>&nbsp;i el taller de&nbsp;<strong>DapoStar<\/strong>.<\/p>\n\n\n\n<figure class=\"wp-block-gallery has-nested-images columns-default is-cropped td-modal-on-gallery wp-block-gallery-1 is-layout-flex wp-block-gallery-is-layout-flex\">\n<figure class=\"wp-block-image size-large\"><img loading=\"lazy\" decoding=\"async\" width=\"1200\" height=\"800\" data-id=\"9117\" src=\"https:\/\/www.areabesos.com\/diario\/wp-content\/uploads\/2025\/10\/hopsab2025_02.jpg\" alt=\"\" class=\"wp-image-9117\"\/><figcaption class=\"wp-element-caption\">CIRC PANIC HOP SAB Foto: Juan Carlos G\u00f3mez<\/figcaption><\/figure>\n\n\n\n<figure class=\"wp-block-image size-large\"><img loading=\"lazy\" decoding=\"async\" width=\"1200\" height=\"800\" data-id=\"9116\" src=\"https:\/\/www.areabesos.com\/diario\/wp-content\/uploads\/2025\/10\/hopsab2025_03.jpg\" alt=\"\" class=\"wp-image-9116\"\/><figcaption class=\"wp-element-caption\">Visita guiada als murals Polidor, Can Ricart i Besart<\/figcaption><\/figure>\n\n\n\n<figure class=\"wp-block-image size-large\"><img loading=\"lazy\" decoding=\"async\" width=\"1200\" height=\"800\" data-id=\"9115\" src=\"https:\/\/www.areabesos.com\/diario\/wp-content\/uploads\/2025\/10\/hopsab2025_04.jpg\" alt=\"\" class=\"wp-image-9115\"\/><figcaption class=\"wp-element-caption\">CIA TALLER COLLAGE SANTI I LUCIA. Foto: Juan Carlos G\u00f3mez<\/figcaption><\/figure>\n\n\n\n<figure class=\"wp-block-image size-large\"><img loading=\"lazy\" decoding=\"async\" width=\"1200\" height=\"800\" data-id=\"9114\" src=\"https:\/\/www.areabesos.com\/diario\/wp-content\/uploads\/2025\/10\/hopsab2025_05.jpg\" alt=\"\" class=\"wp-image-9114\"\/><figcaption class=\"wp-element-caption\">Samba So<\/figcaption><\/figure>\n\n\n\n<figure class=\"wp-block-image size-large\"><img loading=\"lazy\" decoding=\"async\" width=\"1200\" height=\"800\" data-id=\"9113\" src=\"https:\/\/www.areabesos.com\/diario\/wp-content\/uploads\/2025\/10\/hopsab2025_06.jpg\" alt=\"\" class=\"wp-image-9113\"\/><figcaption class=\"wp-element-caption\">Zona grafit jam<\/figcaption><\/figure>\n\n\n\n<figure class=\"wp-block-image size-large\"><img loading=\"lazy\" decoding=\"async\" width=\"1200\" height=\"800\" data-id=\"9112\" src=\"https:\/\/www.areabesos.com\/diario\/wp-content\/uploads\/2025\/10\/hopsab2025_07.jpg\" alt=\"\" class=\"wp-image-9112\"\/><figcaption class=\"wp-element-caption\">CIRC PANIC HOP SAB Foto: Juan Carlos G\u00f3mez<\/figcaption><\/figure>\n<\/figure>\n\n\n\n<p>El&nbsp;<strong>diumenge 5 d\u2019octubre<\/strong>&nbsp;va comen\u00e7ar amb una&nbsp;<strong>visita guiada als projectes d\u2019art mural \u201cADRIART\u201d<\/strong>, condu\u00efda per&nbsp;<strong>Zosen<\/strong>&nbsp;i amenitzada amb la m\u00fasica beatbox de&nbsp;<strong>Mario Fern\u00e1ndez (Cia. Fusion-A-Dos)<\/strong>, una experi\u00e8ncia que va permetre descobrir les obres urbanes i els artistes que les han fet possibles.<\/p>\n\n\n\n<p>A la tarda, el festival va tancar amb una darrera jornada plena d\u2019emoci\u00f3:&nbsp;<em>Circ a la Vila<\/em>&nbsp;va portar a l\u2019escenari \u201c<strong>D\u00fao Sacanagem<\/strong>\u201d de Suricata Circus i \u201c<strong>El somni d\u2019un pardal<\/strong>\u201d de Circ P\u00e0nic i Montserrat Escopinya, tancant aix\u00ed tres dies de conviv\u00e8ncia art\u00edstica, diversi\u00f3 i cultura compartida.<\/p>\n\n\n\n<p>El&nbsp;<strong>HOP Sant Adri\u00e0 2025<\/strong>&nbsp;confirma un any m\u00e9s que Sant Adri\u00e0 de Bes\u00f2s \u00e9s un referent en l\u2019impuls de la cultura urbana, l\u2019art al carrer i la participaci\u00f3 comunit\u00e0ria.<\/p>\n","protected":false},"excerpt":{"rendered":"<p>Sant Adri\u00e0 de Bes\u00f2s va vibrar del 3 al 5 d\u2019octubre amb una nova edici\u00f3 del&nbsp;HOP Sant Adri\u00e0, un cap de setmana ple d\u2019art, circ, dansa i cultura urbana que va reunir&nbsp;milers de persones&nbsp;als carrers i places de la ciutat. L\u2019esdeveniment va comen\u00e7ar&nbsp;divendres 3 d\u2019octubre&nbsp;amb&nbsp;Circ i Dansa a la Vila, a la Pla\u00e7a de la [&hellip;]<\/p>\n","protected":false},"author":2,"featured_media":9118,"comment_status":"closed","ping_status":"open","sticky":false,"template":"","format":"standard","meta":{"footnotes":""},"categories":[136],"tags":[],"class_list":{"0":"post-9111","1":"post","2":"type-post","3":"status-publish","4":"format-standard","5":"has-post-thumbnail","7":"category-cultura"},"_links":{"self":[{"href":"https:\/\/www.areabesos.com\/diario\/wp-json\/wp\/v2\/posts\/9111","targetHints":{"allow":["GET"]}}],"collection":[{"href":"https:\/\/www.areabesos.com\/diario\/wp-json\/wp\/v2\/posts"}],"about":[{"href":"https:\/\/www.areabesos.com\/diario\/wp-json\/wp\/v2\/types\/post"}],"author":[{"embeddable":true,"href":"https:\/\/www.areabesos.com\/diario\/wp-json\/wp\/v2\/users\/2"}],"replies":[{"embeddable":true,"href":"https:\/\/www.areabesos.com\/diario\/wp-json\/wp\/v2\/comments?post=9111"}],"version-history":[{"count":2,"href":"https:\/\/www.areabesos.com\/diario\/wp-json\/wp\/v2\/posts\/9111\/revisions"}],"predecessor-version":[{"id":9121,"href":"https:\/\/www.areabesos.com\/diario\/wp-json\/wp\/v2\/posts\/9111\/revisions\/9121"}],"wp:featuredmedia":[{"embeddable":true,"href":"https:\/\/www.areabesos.com\/diario\/wp-json\/wp\/v2\/media\/9118"}],"wp:attachment":[{"href":"https:\/\/www.areabesos.com\/diario\/wp-json\/wp\/v2\/media?parent=9111"}],"wp:term":[{"taxonomy":"category","embeddable":true,"href":"https:\/\/www.areabesos.com\/diario\/wp-json\/wp\/v2\/categories?post=9111"},{"taxonomy":"post_tag","embeddable":true,"href":"https:\/\/www.areabesos.com\/diario\/wp-json\/wp\/v2\/tags?post=9111"}],"curies":[{"name":"wp","href":"https:\/\/api.w.org\/{rel}","templated":true}]}}