{"id":9090,"date":"2025-10-15T11:28:01","date_gmt":"2025-10-15T09:28:01","guid":{"rendered":"https:\/\/www.areabesos.com\/diario\/?p=9090"},"modified":"2025-10-17T11:44:08","modified_gmt":"2025-10-17T09:44:08","slug":"proteccion-civil-de-sant-adria-ayuda-en-las-zonas-afectadas-en-tarragona-por-la-ultima-dana","status":"publish","type":"post","link":"https:\/\/www.areabesos.com\/diario\/proteccion-civil-de-sant-adria-ayuda-en-las-zonas-afectadas-en-tarragona-por-la-ultima-dana\/","title":{"rendered":"Protecci\u00f3n Civil de Sant Adri\u00e0 ayuda en las zonas afectadas en Tarragona por la \u00faltima dana"},"content":{"rendered":"\n<p>La dana Alice afect\u00f3 especialmente en la zona de Terres de l&#8217;Ebre, en la provincia de Tarragona, afortunadamente sin da\u00f1os personales pero s\u00ed con muchos de materiales, con casas e instalaciones municipales muy afectadas y anegadas por el barro. Un grupo de voluntarios de la Associaci\u00f3 Adrianenca de Voluntariat de Protecci\u00f3 Civil se desplaz\u00f3 a la zona los d\u00edas 12 y 13 de octubre para ayudar en las labores de limpieza y recuperaci\u00f3n de zonas afectadas. <\/p>\n\n\n\n<p>Tal y como explica la propia entidad \u00ablas labores se centraron en la limpieza de calles, bajos, viviendas y diversas infraestructuras, y se llevaron a cabo gracias al esfuerzo conjunto y solidario de municipios de toda Catalu\u00f1a. Nuestra participaci\u00f3n fue posible gracias a la autorizaci\u00f3n de nuestra alcaldesa y del regidor delegado, quienes nos dieron el visto bueno para movilizar un equipo de voluntarios\u00bb.<\/p>\n\n\n\n<p>Durante el operativo, colaboraron con otras 32 asociaciones de voluntarios de Protecci\u00f3n Civil de Catalu\u00f1a, \u00abdemostrando una vez m\u00e1s el compromiso y la fuerza del voluntariado en situaciones de emergencia\u00bb.<\/p>\n\n\n\n<figure class=\"wp-block-gallery has-nested-images columns-6 is-cropped td-modal-on-gallery wp-block-gallery-1 is-layout-flex wp-block-gallery-is-layout-flex\">\n<figure class=\"wp-block-image size-large\"><img loading=\"lazy\" decoding=\"async\" width=\"1200\" height=\"676\" data-id=\"9107\" src=\"https:\/\/www.areabesos.com\/diario\/wp-content\/uploads\/2025\/10\/proteTerresEbre01.jpg\" alt=\"\" class=\"wp-image-9107\"\/><\/figure>\n\n\n\n<figure class=\"wp-block-image size-large\"><img loading=\"lazy\" decoding=\"async\" width=\"676\" height=\"1200\" data-id=\"9106\" src=\"https:\/\/www.areabesos.com\/diario\/wp-content\/uploads\/2025\/10\/proteTerresEbre02.jpg\" alt=\"\" class=\"wp-image-9106\"\/><\/figure>\n\n\n\n<figure class=\"wp-block-image size-large\"><img loading=\"lazy\" decoding=\"async\" width=\"1200\" height=\"900\" data-id=\"9091\" src=\"https:\/\/www.areabesos.com\/diario\/wp-content\/uploads\/2025\/10\/proteTerresEbre16.jpg\" alt=\"\" class=\"wp-image-9091\"\/><\/figure>\n\n\n\n<figure class=\"wp-block-image size-large\"><img loading=\"lazy\" decoding=\"async\" width=\"1200\" height=\"675\" data-id=\"9103\" src=\"https:\/\/www.areabesos.com\/diario\/wp-content\/uploads\/2025\/10\/proteTerresEbre05.jpg\" alt=\"\" class=\"wp-image-9103\"\/><\/figure>\n\n\n\n<figure class=\"wp-block-image size-large\"><img loading=\"lazy\" decoding=\"async\" width=\"1200\" height=\"675\" data-id=\"9102\" src=\"https:\/\/www.areabesos.com\/diario\/wp-content\/uploads\/2025\/10\/proteTerresEbre06.jpg\" alt=\"\" class=\"wp-image-9102\"\/><\/figure>\n\n\n\n<figure class=\"wp-block-image size-large\"><img loading=\"lazy\" decoding=\"async\" width=\"1200\" height=\"900\" data-id=\"9101\" src=\"https:\/\/www.areabesos.com\/diario\/wp-content\/uploads\/2025\/10\/proteTerresEbre07.jpg\" alt=\"\" class=\"wp-image-9101\"\/><\/figure>\n\n\n\n<figure class=\"wp-block-image size-large\"><img loading=\"lazy\" decoding=\"async\" width=\"1200\" height=\"675\" data-id=\"9100\" src=\"https:\/\/www.areabesos.com\/diario\/wp-content\/uploads\/2025\/10\/proteTerresEbre08.jpg\" alt=\"\" class=\"wp-image-9100\"\/><\/figure>\n\n\n\n<figure class=\"wp-block-image size-large\"><img loading=\"lazy\" decoding=\"async\" width=\"1200\" height=\"560\" data-id=\"9099\" src=\"https:\/\/www.areabesos.com\/diario\/wp-content\/uploads\/2025\/10\/proteTerresEbre09.jpg\" alt=\"\" class=\"wp-image-9099\"\/><\/figure>\n\n\n\n<figure class=\"wp-block-image size-large\"><img loading=\"lazy\" decoding=\"async\" width=\"1200\" height=\"924\" data-id=\"9104\" src=\"https:\/\/www.areabesos.com\/diario\/wp-content\/uploads\/2025\/10\/proteTerresEbre04.jpg\" alt=\"\" class=\"wp-image-9104\"\/><\/figure>\n\n\n\n<figure class=\"wp-block-image size-large\"><img loading=\"lazy\" decoding=\"async\" width=\"1200\" height=\"675\" data-id=\"9097\" src=\"https:\/\/www.areabesos.com\/diario\/wp-content\/uploads\/2025\/10\/proteTerresEbre10.jpg\" alt=\"\" class=\"wp-image-9097\"\/><\/figure>\n\n\n\n<figure class=\"wp-block-image size-large\"><img loading=\"lazy\" decoding=\"async\" width=\"1200\" height=\"900\" data-id=\"9096\" src=\"https:\/\/www.areabesos.com\/diario\/wp-content\/uploads\/2025\/10\/proteTerresEbre11.jpg\" alt=\"\" class=\"wp-image-9096\"\/><\/figure>\n\n\n\n<figure class=\"wp-block-image size-large\"><img loading=\"lazy\" decoding=\"async\" width=\"1200\" height=\"900\" data-id=\"9095\" src=\"https:\/\/www.areabesos.com\/diario\/wp-content\/uploads\/2025\/10\/proteTerresEbre12.jpg\" alt=\"\" class=\"wp-image-9095\"\/><\/figure>\n\n\n\n<figure class=\"wp-block-image size-large\"><img loading=\"lazy\" decoding=\"async\" width=\"1200\" height=\"900\" data-id=\"9094\" src=\"https:\/\/www.areabesos.com\/diario\/wp-content\/uploads\/2025\/10\/proteTerresEbre13.jpg\" alt=\"\" class=\"wp-image-9094\"\/><\/figure>\n\n\n\n<figure class=\"wp-block-image size-large\"><img loading=\"lazy\" decoding=\"async\" width=\"1200\" height=\"900\" data-id=\"9093\" src=\"https:\/\/www.areabesos.com\/diario\/wp-content\/uploads\/2025\/10\/proteTerresEbre14.jpg\" alt=\"\" class=\"wp-image-9093\"\/><\/figure>\n\n\n\n<figure class=\"wp-block-image size-large\"><img loading=\"lazy\" decoding=\"async\" width=\"1200\" height=\"900\" data-id=\"9092\" src=\"https:\/\/www.areabesos.com\/diario\/wp-content\/uploads\/2025\/10\/proteTerresEbre15.jpg\" alt=\"\" class=\"wp-image-9092\"\/><\/figure>\n\n\n\n<figure class=\"wp-block-image size-large\"><img loading=\"lazy\" decoding=\"async\" width=\"1200\" height=\"676\" data-id=\"9105\" src=\"https:\/\/www.areabesos.com\/diario\/wp-content\/uploads\/2025\/10\/proteTerresEbre03.jpg\" alt=\"\" class=\"wp-image-9105\"\/><\/figure>\n<\/figure>\n","protected":false},"excerpt":{"rendered":"<p>La dana Alice afect\u00f3 especialmente en la zona de Terres de l&#8217;Ebre, en la provincia de Tarragona, afortunadamente sin da\u00f1os personales pero s\u00ed con muchos de materiales, con casas e instalaciones municipales muy afectadas y anegadas por el barro. Un grupo de voluntarios de la Associaci\u00f3 Adrianenca de Voluntariat de Protecci\u00f3 Civil se desplaz\u00f3 a [&hellip;]<\/p>\n","protected":false},"author":1,"featured_media":9098,"comment_status":"closed","ping_status":"open","sticky":false,"template":"","format":"standard","meta":{"footnotes":""},"categories":[134],"tags":[],"class_list":{"0":"post-9090","1":"post","2":"type-post","3":"status-publish","4":"format-standard","5":"has-post-thumbnail","7":"category-actualitat"},"_links":{"self":[{"href":"https:\/\/www.areabesos.com\/diario\/wp-json\/wp\/v2\/posts\/9090","targetHints":{"allow":["GET"]}}],"collection":[{"href":"https:\/\/www.areabesos.com\/diario\/wp-json\/wp\/v2\/posts"}],"about":[{"href":"https:\/\/www.areabesos.com\/diario\/wp-json\/wp\/v2\/types\/post"}],"author":[{"embeddable":true,"href":"https:\/\/www.areabesos.com\/diario\/wp-json\/wp\/v2\/users\/1"}],"replies":[{"embeddable":true,"href":"https:\/\/www.areabesos.com\/diario\/wp-json\/wp\/v2\/comments?post=9090"}],"version-history":[{"count":1,"href":"https:\/\/www.areabesos.com\/diario\/wp-json\/wp\/v2\/posts\/9090\/revisions"}],"predecessor-version":[{"id":9108,"href":"https:\/\/www.areabesos.com\/diario\/wp-json\/wp\/v2\/posts\/9090\/revisions\/9108"}],"wp:featuredmedia":[{"embeddable":true,"href":"https:\/\/www.areabesos.com\/diario\/wp-json\/wp\/v2\/media\/9098"}],"wp:attachment":[{"href":"https:\/\/www.areabesos.com\/diario\/wp-json\/wp\/v2\/media?parent=9090"}],"wp:term":[{"taxonomy":"category","embeddable":true,"href":"https:\/\/www.areabesos.com\/diario\/wp-json\/wp\/v2\/categories?post=9090"},{"taxonomy":"post_tag","embeddable":true,"href":"https:\/\/www.areabesos.com\/diario\/wp-json\/wp\/v2\/tags?post=9090"}],"curies":[{"name":"wp","href":"https:\/\/api.w.org\/{rel}","templated":true}]}}