{"id":9087,"date":"2025-10-17T11:21:19","date_gmt":"2025-10-17T09:21:19","guid":{"rendered":"https:\/\/www.areabesos.com\/diario\/?p=9087"},"modified":"2025-10-17T11:21:20","modified_gmt":"2025-10-17T09:21:20","slug":"sant-adria-participa-en-la-8a-accio-platges-met-de-sensibilitzacio-ciutadana-sobre-els-valors-dels-ecosistemes-litorals-metropolitans","status":"publish","type":"post","link":"https:\/\/www.areabesos.com\/diario\/sant-adria-participa-en-la-8a-accio-platges-met-de-sensibilitzacio-ciutadana-sobre-els-valors-dels-ecosistemes-litorals-metropolitans\/","title":{"rendered":"Sant Adri\u00e0 participa en la 8a Acci\u00f3 Platges Met de sensibilitzaci\u00f3 ciutadana sobre els valors dels ecosistemes litorals metropolitans"},"content":{"rendered":"\n<p>Sant Adri\u00e0 participa en la 8a Acci\u00f3 Platges Met que tindr\u00e0 lloc aquest cap de setmana del 18 i 19 d\u2019octubre a les platges metropolitanes. Amb l\u2019esl\u00f2gan de \u201cTornem a la platja el que ens dona\u201d, l\u2019\u00c0rea Metropolitana de Barcelona (AMB) organitza diverses accions de sensibilitzaci\u00f3 als municipis del litoral metropolit\u00e0 perqu\u00e8 la ciutadania prengui consci\u00e8ncia que les platges s\u00f3n alguna cosa m\u00e9s que un espai d\u2019esbarjo on poder prendre el sol, que s\u00f3n ecosistemes naturals de gran import\u00e0ncia.<\/p>\n\n\n\n<p><strong>Plantaci\u00f3 de borrons a les dunes de la platja del Litoral<\/strong><\/p>\n\n\n\n<p>Als espais dunars de la platja del Litoral de Sant Adri\u00e0 es duran a terme plantacions populars de borrons, unes esp\u00e8cies vegetals que potencien la formaci\u00f3 d\u2019aquests ecosistemes naturals, ja que actuen de barrera davant dels temporals i frenen l\u2019erosi\u00f3 de la costa.<\/p>\n\n\n\n<p>La 8a Acci\u00f3 Platges Met forma part del projecte europeu BioPlatgesMet de l\u2019\u00c0rea Metropolitana de Barcelona i durant el cap de setmana del 18 i 19 d\u2019octubre es portaran a terme activitats d\u2019observaci\u00f3 de la biodiversitat relacionades amb les platges de Castelldefels, Gav\u00e0, Viladecans, el Prat de Llobregat, Barcelona, Sant Adri\u00e0 de Bes\u00f2s, Badalona i Montgat.<\/p>\n\n\n\n<p>Aquestes accions, on la ciutadania n\u2019\u00e9s la protagonista principal, serveixen per con\u00e8ixer l\u2019estat dels ecosistemes i prendre decisions per a la gesti\u00f3 de la seva millora.<\/p>\n","protected":false},"excerpt":{"rendered":"<p>Sant Adri\u00e0 participa en la 8a Acci\u00f3 Platges Met que tindr\u00e0 lloc aquest cap de setmana del 18 i 19 d\u2019octubre a les platges metropolitanes. Amb l\u2019esl\u00f2gan de \u201cTornem a la platja el que ens dona\u201d, l\u2019\u00c0rea Metropolitana de Barcelona (AMB) organitza diverses accions de sensibilitzaci\u00f3 als municipis del litoral metropolit\u00e0 perqu\u00e8 la ciutadania prengui [&hellip;]<\/p>\n","protected":false},"author":1,"featured_media":9088,"comment_status":"closed","ping_status":"open","sticky":false,"template":"","format":"standard","meta":{"footnotes":""},"categories":[134],"tags":[],"class_list":{"0":"post-9087","1":"post","2":"type-post","3":"status-publish","4":"format-standard","5":"has-post-thumbnail","7":"category-actualitat"},"_links":{"self":[{"href":"https:\/\/www.areabesos.com\/diario\/wp-json\/wp\/v2\/posts\/9087","targetHints":{"allow":["GET"]}}],"collection":[{"href":"https:\/\/www.areabesos.com\/diario\/wp-json\/wp\/v2\/posts"}],"about":[{"href":"https:\/\/www.areabesos.com\/diario\/wp-json\/wp\/v2\/types\/post"}],"author":[{"embeddable":true,"href":"https:\/\/www.areabesos.com\/diario\/wp-json\/wp\/v2\/users\/1"}],"replies":[{"embeddable":true,"href":"https:\/\/www.areabesos.com\/diario\/wp-json\/wp\/v2\/comments?post=9087"}],"version-history":[{"count":1,"href":"https:\/\/www.areabesos.com\/diario\/wp-json\/wp\/v2\/posts\/9087\/revisions"}],"predecessor-version":[{"id":9089,"href":"https:\/\/www.areabesos.com\/diario\/wp-json\/wp\/v2\/posts\/9087\/revisions\/9089"}],"wp:featuredmedia":[{"embeddable":true,"href":"https:\/\/www.areabesos.com\/diario\/wp-json\/wp\/v2\/media\/9088"}],"wp:attachment":[{"href":"https:\/\/www.areabesos.com\/diario\/wp-json\/wp\/v2\/media?parent=9087"}],"wp:term":[{"taxonomy":"category","embeddable":true,"href":"https:\/\/www.areabesos.com\/diario\/wp-json\/wp\/v2\/categories?post=9087"},{"taxonomy":"post_tag","embeddable":true,"href":"https:\/\/www.areabesos.com\/diario\/wp-json\/wp\/v2\/tags?post=9087"}],"curies":[{"name":"wp","href":"https:\/\/api.w.org\/{rel}","templated":true}]}}