{"id":9083,"date":"2025-10-17T11:09:59","date_gmt":"2025-10-17T09:09:59","guid":{"rendered":"https:\/\/www.areabesos.com\/diario\/?p=9083"},"modified":"2025-10-17T11:10:00","modified_gmt":"2025-10-17T09:10:00","slug":"proteccio-civil-de-sant-adria-celebra-el-dia-mundial-de-la-reanimacio-cardiopulmonar-amb-activitats-a-la-placa-de-la-vila","status":"publish","type":"post","link":"https:\/\/www.areabesos.com\/diario\/proteccio-civil-de-sant-adria-celebra-el-dia-mundial-de-la-reanimacio-cardiopulmonar-amb-activitats-a-la-placa-de-la-vila\/","title":{"rendered":"Protecci\u00f3 Civil de Sant Adri\u00e0 celebra el Dia Mundial de la Reanimaci\u00f3 Cardiopulmonar amb activitats a la pla\u00e7a de la Vila"},"content":{"rendered":"\n<p>L\u2019Associaci\u00f3 Adrianenca de Voluntariat de Protecci\u00f3 Civil celebra dem\u00e0 dissabte, 18 d&#8217;octubre a la pla\u00e7a de la Vila, el Dia Mundial de la Reanimaci\u00f3 Cardiopulmonar (RCP) amb diverses activitats que tenen com a objectiu de sensibilitzar la poblaci\u00f3 sobre la import\u00e0ncia de la RCP i fomentar l\u2019aprenentatge d\u2019aquesta t\u00e8cnica essencial per salvar vides. Les activitats estaran dirigides tant a adults com a infants, i inclouran: activitats l\u00fadiques i formatives relacionades amb la protecci\u00f3 civil i la prevenci\u00f3 de situacions d\u2019emerg\u00e8ncia, tallers pr\u00e0ctics de RCP per a totes les edats i l&#8217;exposici\u00f3 de vehicles d\u2019intervenci\u00f3 i emerg\u00e8ncia.<\/p>\n\n\n\n<p>L&#8217;acte tindr\u00e0 lloc a la pla\u00e7a de la Vila, just davant l&#8217;Ajuntament, i es duran a terme de 10 a 13.30 hores. <\/p>\n","protected":false},"excerpt":{"rendered":"<p>L\u2019Associaci\u00f3 Adrianenca de Voluntariat de Protecci\u00f3 Civil celebra dem\u00e0 dissabte, 18 d&#8217;octubre a la pla\u00e7a de la Vila, el Dia Mundial de la Reanimaci\u00f3 Cardiopulmonar (RCP) amb diverses activitats que tenen com a objectiu de sensibilitzar la poblaci\u00f3 sobre la import\u00e0ncia de la RCP i fomentar l\u2019aprenentatge d\u2019aquesta t\u00e8cnica essencial per salvar vides. Les activitats [&hellip;]<\/p>\n","protected":false},"author":1,"featured_media":9085,"comment_status":"closed","ping_status":"open","sticky":false,"template":"","format":"standard","meta":{"footnotes":""},"categories":[134],"tags":[],"class_list":{"0":"post-9083","1":"post","2":"type-post","3":"status-publish","4":"format-standard","5":"has-post-thumbnail","7":"category-actualitat"},"_links":{"self":[{"href":"https:\/\/www.areabesos.com\/diario\/wp-json\/wp\/v2\/posts\/9083","targetHints":{"allow":["GET"]}}],"collection":[{"href":"https:\/\/www.areabesos.com\/diario\/wp-json\/wp\/v2\/posts"}],"about":[{"href":"https:\/\/www.areabesos.com\/diario\/wp-json\/wp\/v2\/types\/post"}],"author":[{"embeddable":true,"href":"https:\/\/www.areabesos.com\/diario\/wp-json\/wp\/v2\/users\/1"}],"replies":[{"embeddable":true,"href":"https:\/\/www.areabesos.com\/diario\/wp-json\/wp\/v2\/comments?post=9083"}],"version-history":[{"count":1,"href":"https:\/\/www.areabesos.com\/diario\/wp-json\/wp\/v2\/posts\/9083\/revisions"}],"predecessor-version":[{"id":9086,"href":"https:\/\/www.areabesos.com\/diario\/wp-json\/wp\/v2\/posts\/9083\/revisions\/9086"}],"wp:featuredmedia":[{"embeddable":true,"href":"https:\/\/www.areabesos.com\/diario\/wp-json\/wp\/v2\/media\/9085"}],"wp:attachment":[{"href":"https:\/\/www.areabesos.com\/diario\/wp-json\/wp\/v2\/media?parent=9083"}],"wp:term":[{"taxonomy":"category","embeddable":true,"href":"https:\/\/www.areabesos.com\/diario\/wp-json\/wp\/v2\/categories?post=9083"},{"taxonomy":"post_tag","embeddable":true,"href":"https:\/\/www.areabesos.com\/diario\/wp-json\/wp\/v2\/tags?post=9083"}],"curies":[{"name":"wp","href":"https:\/\/api.w.org\/{rel}","templated":true}]}}