{"id":9080,"date":"2025-10-17T11:05:20","date_gmt":"2025-10-17T09:05:20","guid":{"rendered":"https:\/\/www.areabesos.com\/diario\/?p=9080"},"modified":"2025-10-17T11:05:21","modified_gmt":"2025-10-17T09:05:21","slug":"el-nou-cicle-de-concerts-de-lescola-municipal-de-musica-sestrena-amb-nit-de-tangos","status":"publish","type":"post","link":"https:\/\/www.areabesos.com\/diario\/el-nou-cicle-de-concerts-de-lescola-municipal-de-musica-sestrena-amb-nit-de-tangos\/","title":{"rendered":"El nou cicle de concerts de l\u2019Escola Municipal de M\u00fasica s\u2019estrena amb \u00abNit de tangos\u00bb"},"content":{"rendered":"\n<p>El divendres 24&nbsp;d&#8217;octubre s&#8217;inicia el 17\u00e8 Cicle de Concerts Pedag\u00f2gics de l&#8217;Escola Municipal de M\u00fasica Benet Ba\u00efls.&nbsp;La&nbsp;ciutat viur\u00e0 una vetllada molt especial amb el concert \u201cNit de tangos\u201d.&nbsp;Una proposta per a veu i piano que ens submergir\u00e0 en l&#8217;univers apassionat del tango argent\u00ed. Els assistents podran gaudir d&#8217;un recorregut per alguns dels cl\u00e0ssics m\u00e9s emblem\u00e0tics del g\u00e8nere, interpretats amb sensibilitat en un format \u00edntim.&nbsp;Aquesta ser\u00e0 una cita imprescindible per a tots els amants de la m\u00fasica i de la for\u00e7a expressiva del tango.<\/p>\n\n\n\n<p>El concert tindr\u00e0 lloc a les 20 h, al Casal de Cultura de la ciutat, carrer de la Mare de D\u00e9u del Carme, 22. L&#8217;entrada ser\u00e0 gratu\u00efta i la recollida d&#8217;invitacions comen\u00e7ar\u00e0 el dia 13 d&#8217;octubre a l&#8217;Escola de M\u00fasica, de 16 a 20 h. Un concert per gaudir-ne amb tota la fam\u00edlia<\/p>\n","protected":false},"excerpt":{"rendered":"<p>El divendres 24&nbsp;d&#8217;octubre s&#8217;inicia el 17\u00e8 Cicle de Concerts Pedag\u00f2gics de l&#8217;Escola Municipal de M\u00fasica Benet Ba\u00efls.&nbsp;La&nbsp;ciutat viur\u00e0 una vetllada molt especial amb el concert \u201cNit de tangos\u201d.&nbsp;Una proposta per a veu i piano que ens submergir\u00e0 en l&#8217;univers apassionat del tango argent\u00ed. Els assistents podran gaudir d&#8217;un recorregut per alguns dels cl\u00e0ssics m\u00e9s emblem\u00e0tics [&hellip;]<\/p>\n","protected":false},"author":2,"featured_media":9081,"comment_status":"closed","ping_status":"open","sticky":false,"template":"","format":"standard","meta":{"footnotes":""},"categories":[136],"tags":[],"class_list":{"0":"post-9080","1":"post","2":"type-post","3":"status-publish","4":"format-standard","5":"has-post-thumbnail","7":"category-cultura"},"_links":{"self":[{"href":"https:\/\/www.areabesos.com\/diario\/wp-json\/wp\/v2\/posts\/9080","targetHints":{"allow":["GET"]}}],"collection":[{"href":"https:\/\/www.areabesos.com\/diario\/wp-json\/wp\/v2\/posts"}],"about":[{"href":"https:\/\/www.areabesos.com\/diario\/wp-json\/wp\/v2\/types\/post"}],"author":[{"embeddable":true,"href":"https:\/\/www.areabesos.com\/diario\/wp-json\/wp\/v2\/users\/2"}],"replies":[{"embeddable":true,"href":"https:\/\/www.areabesos.com\/diario\/wp-json\/wp\/v2\/comments?post=9080"}],"version-history":[{"count":1,"href":"https:\/\/www.areabesos.com\/diario\/wp-json\/wp\/v2\/posts\/9080\/revisions"}],"predecessor-version":[{"id":9082,"href":"https:\/\/www.areabesos.com\/diario\/wp-json\/wp\/v2\/posts\/9080\/revisions\/9082"}],"wp:featuredmedia":[{"embeddable":true,"href":"https:\/\/www.areabesos.com\/diario\/wp-json\/wp\/v2\/media\/9081"}],"wp:attachment":[{"href":"https:\/\/www.areabesos.com\/diario\/wp-json\/wp\/v2\/media?parent=9080"}],"wp:term":[{"taxonomy":"category","embeddable":true,"href":"https:\/\/www.areabesos.com\/diario\/wp-json\/wp\/v2\/categories?post=9080"},{"taxonomy":"post_tag","embeddable":true,"href":"https:\/\/www.areabesos.com\/diario\/wp-json\/wp\/v2\/tags?post=9080"}],"curies":[{"name":"wp","href":"https:\/\/api.w.org\/{rel}","templated":true}]}}