{"id":9077,"date":"2025-10-17T10:52:05","date_gmt":"2025-10-17T08:52:05","guid":{"rendered":"https:\/\/www.areabesos.com\/diario\/?p=9077"},"modified":"2025-10-17T10:52:28","modified_gmt":"2025-10-17T08:52:28","slug":"amb-25-anys-dhistoria-torna-a-santa-coloma-de-gramenet-el-festival-internacional-de-teatre-integratiu-fiti-pioner-en-les-arts-esceniques-inclusives","status":"publish","type":"post","link":"https:\/\/www.areabesos.com\/diario\/amb-25-anys-dhistoria-torna-a-santa-coloma-de-gramenet-el-festival-internacional-de-teatre-integratiu-fiti-pioner-en-les-arts-esceniques-inclusives\/","title":{"rendered":"Amb 25 anys d\u2019hist\u00f2ria, torna a Santa Coloma de Gramenet el Festival Internacional de Teatre Integratiu (FITI), pioner en les arts esc\u00e8niques inclusives\u00a0"},"content":{"rendered":"\n<p>Aquest dijous, 16 d\u2019octubre, s\u2019ha presentat a la sala Miquelet del Teatre Sagarra de Santa Coloma de Gramenet la 13\u00aa edici\u00f3 del Festival Internacional de Teatre Integratiu (FITI) que des de fa 25 anys se celebra bianualment a la ciutat colomenca.&nbsp;&nbsp;<\/p>\n\n\n\n<p>L\u2019alcaldessa de la ciutat, Mireia Gonz\u00e1lez, ha donat la benvinguda a l\u2019esdeveniment i ha explicat que el FITI reflecteix la voluntat de la ciutat de ser un lloc realment per a tothom. Ha destacat l\u2019esfor\u00e7 i disciplina de la companyia Alquimistes, l\u2019ambici\u00f3 del programa i el que ha definit com a \u2018marca del festival\u2019, que \u00e9s ocupar no nom\u00e9s espais teatrals, sin\u00f3 d\u2019altres, p\u00fablics i comunitaris \u2013com la Ciba, o la pla\u00e7a de la Vila-, per fer de l\u2019art un mitj\u00e0 d\u2019expressi\u00f3 art\u00edstica, reivindicaci\u00f3 i dignificaci\u00f3.&nbsp;<\/p>\n\n\n\n<p>Per la seva banda, Francia Gajardo, actriu i codirectora del Festival, ha subratllat el lema d\u2019enguany, <strong>L\u2019alqu\u00edmia de les arts<\/strong>, que apunta al potencial transformador de l\u2019art, i especialment de les arts inclusives, que ofereixen la possibilitat de convertir una condici\u00f3 aparentment limitada en una font d\u2019expansi\u00f3, aprenentatge i creixement. Aix\u00ed, la discapacitat, en comptes de ser vista com una mancan\u00e7a, \u00e9s&nbsp;trav\u00e9s d\u2019un proc\u00e9s alqu\u00edmic, un element que revela noves formes d\u2019expressi\u00f3, de coneixement i de connexi\u00f3 amb el m\u00f3n; una invitaci\u00f3 a un proc\u00e9s profund de transformaci\u00f3 personal i col\u00b7lectiva per comprendre les pr\u00f2pies capacitats i crear un m\u00f3n m\u00e9s inclusiu i emp\u00e0tic, on les difer\u00e8ncies no nom\u00e9s es toleren, sin\u00f3 que s\u00f3n celebrades com una part essencial del teixit de la societat.&nbsp;<\/p>\n\n\n\n<p>Gajardo ha remarcat com els 25 anys de traject\u00f2ria, m\u00e9s que una fita cronol\u00f2gica, s\u00f3n un testimoni viu d\u2019esfor\u00e7, de sacrifici, de passi\u00f3 i amor, i d\u2019una lluita constant per fer visible all\u00f2 que sovint queda als marges. \u201cPer\u00f2 no haur\u00edem d\u2019estar parlant de lluita, no haur\u00edem de \u2018picar m\u00e9s pedra\u2019. Per les persones amb discapacitat, fer teatre hauria de ser una possibilitat de treball rigor\u00f3s, de qualitat i de gaudir, com qualsevol altre proc\u00e9s art\u00edstic; no hauria de ser una excepci\u00f3 ni una hero\u00efcitat sostinguda en la precarietat. Calen pressupostos dignes, infraestructures adequades. No podem permetre que la cultura i l\u2019expressi\u00f3 art\u00edstica quedin condicionades per difer\u00e8ncies socials\u201d. Aix\u00ed mateix ha agra\u00eft el suport de l\u2019Ajuntament de Santa Coloma de Gramenet des dels inicis del Festival, al qual enguany s\u2019han sumat la Generalitat i la Diputaci\u00f3 de Barcelona.&nbsp;<\/p>\n\n\n\n<p>Durant la presentaci\u00f3 s\u2019ha ofert un tast de l\u2019obra \u2018El burgu\u00e9s gentilhombre\u2019 de Moli\u00e8re, que la companyia de teatre local Alquimistes Teatre, amfitriona del Festival, estrenar\u00e0 el 8 de novembre al Teatre Sagarra a les 19h. Un dels membres de la companyia ha explicat posteriorment les seves sensacions durant tot el proc\u00e9s de creaci\u00f3 de l\u2019obra, tot destacant la dificultat de realitzar el paper protagonista, en aquest cas, i el canvi en la seva vida que ha suposat el teatre.&nbsp;<\/p>\n\n\n\n<p><strong>Programaci\u00f3<\/strong><\/p>\n\n\n\n<p>Des del dijous 6 fins al diumenge 9 de novembre, teatre i dansa creades i protagonitzades per persones amb diversitat funcional encap\u00e7alaran l\u2019oferta cultural de Santa Coloma de Gramenet, que es complementar\u00e0 amb m\u00fasica i pintura, en el marc de la 13a edici\u00f3 del Festival Internacional de Teatre Integratiu (FITI), amb lema \u2018<strong>L\u2019alqu\u00edmia de les arts\u2019.&nbsp;<\/strong><\/p>\n\n\n\n<p>L\u2019acte inaugural del 30 d\u2019octubre, amb jocs i activitats per a tothom a la Pla\u00e7a de la Vila a partir de les 17h, vol ser un punt d\u2019atracci\u00f3 i de crida a la ciutadania per fer-se part\u00edcip d\u2019aquest esdeveniment emblem\u00e0tic de la seva ciutat. A les 19h tancar\u00e0 la tarda l\u2019espectacle \u2018Cicatrius\u2019 de la ballarina barcelonina Vero Cendoya, pionera en la dansa inclusiva i que estrenar\u00e0 al Teatre Nacional a principis del 2026.&nbsp;&nbsp;<\/p>\n\n\n\n<p>El FITI com a tal comen\u00e7ar\u00e0 el 6 de novembre amb la tradicional funci\u00f3 escolar seguida d\u2019un col\u00b7loqui, en la seva voluntat de conscienciar sobre la diversitat a tota la societat, especialmente la gent jove. La companyia de La Garriga Els Dofins presentar\u00e0 l\u2019obra \u2018El M\u00f2bil\u2019.&nbsp;<\/p>\n\n\n\n<p>Dues companyies de gran qualitat i nivell, conegudes pel Festival, tornen en aquesta edici\u00f3 amb nous espectacles. Brots, de Barcelona, presenta l\u2019obra de teatre \u2018Eucaristia\u2019 a La Ciba el 6 de novembre; i Fritsch Company, de Madrid, la pe\u00e7a de dansa \u2018On Time\u2019 al Teatre Sagarra el 7 de novembre. I \u00e9s que el FITI t\u00e9 com a comprom\u00eds tamb\u00e9 contribuir a consolidar companyies que troben grand\u00edssimes dificultats per fer-se un lloc en el panorama cultural.&nbsp;&nbsp;<\/p>\n\n\n\n<p>El darrer dia del Festival, el 9 de novembre, es podr\u00e0 veure al Teatre Sagarra \u2018Lo Specchio della Regina\u2019 de la companyia italiana de dansa-teatre La Ribalta, de Bolzano, de gran recorregut i seguiment de p\u00fablic a tot It\u00e0lia, amb noves obres en cont\u00ednua creaci\u00f3 simult\u00e0nia a les seves gires.&nbsp;<\/p>\n\n\n\n<p>Com sempre, el Fiti ofereix activitats i espectacles que complementen la programaci\u00f3: Una exposici\u00f3 de pintura de dones artistes amb diversitat funcional que es podr\u00e0 veure a La Ciba fins el 15 de novembre i s\u2019inaugurar\u00e0 el dia 3 amb un concert del grup 4&#215;4; l\u2019actuaci\u00f3 del grup musical Bogasons, que oferir\u00e0 \u2018L\u2019orquestra de paper\u2019 el dia 6 de novembre a La Ciba a les 18h; \u2018C\u00e0psules\u2019, un tast de dansa previ a l\u2019estrena d\u2019Alquimistes Teatre el dia 8 de novembre, per part de la companyia La Mujer del Carnicero; un taller de dansa inclusiva a La Central Esc\u00e8nica el 7 de novembre al mat\u00ed a c\u00e0rrec de la companyia AME; la instal\u00b7laci\u00f3 \u2018Somnis i Reptes\u2019, que es podr\u00e1 veure al Hall i Bar del Teatre Sagarra durant els dies del festival, far\u00e0 un recorregut dels 25 anys d\u2019hist\u00f2ria d\u2019aquesta aventura cultural.&nbsp;<\/p>\n","protected":false},"excerpt":{"rendered":"<p>Aquest dijous, 16 d\u2019octubre, s\u2019ha presentat a la sala Miquelet del Teatre Sagarra de Santa Coloma de Gramenet la 13\u00aa edici\u00f3 del Festival Internacional de Teatre Integratiu (FITI) que des de fa 25 anys se celebra bianualment a la ciutat colomenca.&nbsp;&nbsp; L\u2019alcaldessa de la ciutat, Mireia Gonz\u00e1lez, ha donat la benvinguda a l\u2019esdeveniment i ha [&hellip;]<\/p>\n","protected":false},"author":2,"featured_media":9078,"comment_status":"closed","ping_status":"open","sticky":false,"template":"","format":"standard","meta":{"footnotes":""},"categories":[142,136],"tags":[],"class_list":{"0":"post-9077","1":"post","2":"type-post","3":"status-publish","4":"format-standard","5":"has-post-thumbnail","7":"category-comarca","8":"category-cultura"},"_links":{"self":[{"href":"https:\/\/www.areabesos.com\/diario\/wp-json\/wp\/v2\/posts\/9077","targetHints":{"allow":["GET"]}}],"collection":[{"href":"https:\/\/www.areabesos.com\/diario\/wp-json\/wp\/v2\/posts"}],"about":[{"href":"https:\/\/www.areabesos.com\/diario\/wp-json\/wp\/v2\/types\/post"}],"author":[{"embeddable":true,"href":"https:\/\/www.areabesos.com\/diario\/wp-json\/wp\/v2\/users\/2"}],"replies":[{"embeddable":true,"href":"https:\/\/www.areabesos.com\/diario\/wp-json\/wp\/v2\/comments?post=9077"}],"version-history":[{"count":1,"href":"https:\/\/www.areabesos.com\/diario\/wp-json\/wp\/v2\/posts\/9077\/revisions"}],"predecessor-version":[{"id":9079,"href":"https:\/\/www.areabesos.com\/diario\/wp-json\/wp\/v2\/posts\/9077\/revisions\/9079"}],"wp:featuredmedia":[{"embeddable":true,"href":"https:\/\/www.areabesos.com\/diario\/wp-json\/wp\/v2\/media\/9078"}],"wp:attachment":[{"href":"https:\/\/www.areabesos.com\/diario\/wp-json\/wp\/v2\/media?parent=9077"}],"wp:term":[{"taxonomy":"category","embeddable":true,"href":"https:\/\/www.areabesos.com\/diario\/wp-json\/wp\/v2\/categories?post=9077"},{"taxonomy":"post_tag","embeddable":true,"href":"https:\/\/www.areabesos.com\/diario\/wp-json\/wp\/v2\/tags?post=9077"}],"curies":[{"name":"wp","href":"https:\/\/api.w.org\/{rel}","templated":true}]}}