{"id":9062,"date":"2025-10-09T10:35:23","date_gmt":"2025-10-09T08:35:23","guid":{"rendered":"https:\/\/www.areabesos.com\/diario\/?p=9062"},"modified":"2025-10-09T10:35:24","modified_gmt":"2025-10-09T08:35:24","slug":"l-ajuntament-de-sant-adria-de-besos-i-el-col%c2%b7legi-sant-gabriel-col%c2%b7laboren-amb-lorganitzacio-abre-sus-ojos","status":"publish","type":"post","link":"https:\/\/www.areabesos.com\/diario\/l-ajuntament-de-sant-adria-de-besos-i-el-col%c2%b7legi-sant-gabriel-col%c2%b7laboren-amb-lorganitzacio-abre-sus-ojos\/","title":{"rendered":"L&#8217; Ajuntament de Sant Adri\u00e0 de Bes\u00f2s i el Col\u00b7legi Sant Gabriel col\u00b7laboren amb l&#8217;organitzaci\u00f3 Abre sus Ojos"},"content":{"rendered":"\n<p>L&#8217;Ajuntament de Sant Adri\u00e0 de Bes\u00f2s i el Col\u00b7legi Sant Gabriel han unit forces amb l&#8217;organitzaci\u00f3 sense \u00e0nim de lucre Abre sus Ojos per dur a terme revisions oculars i auditives gratu\u00eftes a persones amb discapacitat intel\u00b7lectual i a fam\u00edlies vulnerables. Les revisions es realitzaran al Col\u00b7legi Sant Gabriel el divendres 17 i el dissabte 18 d&#8217;octubre.<\/p>\n\n\n\n<p>Aquesta iniciativa t\u00e9 com a objectiu millorar la salut visual i auditiva de prop de 600 persones d&#8217;aquest col\u00b7lectiu i \u00e9s fruit de la col\u00b7laboraci\u00f3 de la Conselleria de Sanitat de la Generalitat de Catalunya, l&#8217;Ajuntament de Sant Adri\u00e0 de Bes\u00f2s, el Col\u00b7legi Oficial d\u2019\u00d2ptics Optometristes de Catalunya i de Dincat (federaci\u00f3 d\u2019entitats que donen servei a les persones amb discapacitat intel\u00b7lectual de Catalunya).<\/p>\n\n\n\n<p>En aquesta ocasi\u00f3, el Col\u00b7legi Sant Gabriel acollir\u00e0 persones amb discapacitat intel\u00b7lectual i del desenvolupament procedents de Dincat. Al voltant de 80 professionals -entre optometristes, oftalm\u00f2legs, audioprot\u00e8tics i voluntaris de tot l\u2019Estat espanyol- es despla\u00e7aran fins al lloc de l&#8217;esdeveniment per dur a terme les revisions, que inclouran proves de visi\u00f3, salut visual i auditiva i higiene ocular.<\/p>\n\n\n\n<p>Diverses empreses i entitats p\u00fabliques i privades s&#8217;han sumat a aquesta iniciativa per assolir un impacte positiu en la salut visual de les fam\u00edlies m\u00e9s desfavorides, de manera que es contribueix a millorar la seva qualitat de vida i a facilitar-los l&#8217;acc\u00e9s a estudis o ocupaci\u00f3, entre altres beneficis.<\/p>\n\n\n\n<p>Antonio C. Garc\u00eda Ruiz, president de l&#8217;associaci\u00f3 Abre sus Ojos, ha destacat que \u00abla col\u00b7laboraci\u00f3 establerta amb l&#8217;Ajuntament de Sant Adri\u00e0 i el Col\u00b7legi Sant Gabriel permetr\u00e0 conscienciar la societat sobre la import\u00e0ncia de la solidaritat i la integraci\u00f3, millorar els h\u00e0bits relacionats amb la cura de la salut ocular i detectar possibles alteracions visuals en aquest col\u00b7lectiu, que t\u00e9 un alt grau de vulnerabilitat\u00bb.<\/p>\n\n\n\n<p>Filo Ca\u00f1ete, alcaldessa de Sant Adri\u00e0, ha assenyalat que \u00abiniciatives com aquesta s\u2019emmarquen en el Pla de Salut de la ciutat i consoliden el cam\u00ed d\u2019actuacions socials que ha seguit l\u2019Ajuntament de Sant Adri\u00e0\u00bb. Tamb\u00e9 ha agra\u00eft \u00abla implicaci\u00f3 de l\u2019associaci\u00f3 Abre sus ojos i el Col\u00b7legi Sant Gabriel, i el suport de tothom que ha col.laborat en aquesta proposta, per millorar la salut i per tant la qualitat de vida dels col.lectius m\u00e9s vulnerables\u00bb<\/p>\n\n\n\n<p>L&#8217;acte d&#8217;inauguraci\u00f3 tindr\u00e0 lloc al Col\u00b7legi Sant Gabriel el divendres 17 d&#8217;octubre, a les 12 h, i comptar\u00e0 amb la pres\u00e8ncia del diputat Carles Campuzano, president de la Fundaci\u00f3 ACSAR (Associaci\u00f3 Catalana de Solidaritat i Ajuda al Refugiat); l\u2019alcaldessa de Sant Adri\u00e0 de Bes\u00f2s, Filo Ca\u00f1ete; la regidora de Promoci\u00f3 Econ\u00f2mica, Cristina Obreg\u00f3n; el president del COOOC (Col.legi Oficial d\u2019\u00d2ptics Optometristes de Catalunya), Joaquim Grau; representants de DINCAT, Carmen L\u00f3pez i V\u00edctor Galmes, i representants del Col\u00b7legi Sant Gabriel, entre d\u2019altres.<\/p>\n","protected":false},"excerpt":{"rendered":"<p>L&#8217;Ajuntament de Sant Adri\u00e0 de Bes\u00f2s i el Col\u00b7legi Sant Gabriel han unit forces amb l&#8217;organitzaci\u00f3 sense \u00e0nim de lucre Abre sus Ojos per dur a terme revisions oculars i auditives gratu\u00eftes a persones amb discapacitat intel\u00b7lectual i a fam\u00edlies vulnerables. Les revisions es realitzaran al Col\u00b7legi Sant Gabriel el divendres 17 i el dissabte [&hellip;]<\/p>\n","protected":false},"author":2,"featured_media":9063,"comment_status":"closed","ping_status":"open","sticky":false,"template":"","format":"standard","meta":{"footnotes":""},"categories":[134],"tags":[],"class_list":{"0":"post-9062","1":"post","2":"type-post","3":"status-publish","4":"format-standard","5":"has-post-thumbnail","7":"category-actualitat"},"_links":{"self":[{"href":"https:\/\/www.areabesos.com\/diario\/wp-json\/wp\/v2\/posts\/9062","targetHints":{"allow":["GET"]}}],"collection":[{"href":"https:\/\/www.areabesos.com\/diario\/wp-json\/wp\/v2\/posts"}],"about":[{"href":"https:\/\/www.areabesos.com\/diario\/wp-json\/wp\/v2\/types\/post"}],"author":[{"embeddable":true,"href":"https:\/\/www.areabesos.com\/diario\/wp-json\/wp\/v2\/users\/2"}],"replies":[{"embeddable":true,"href":"https:\/\/www.areabesos.com\/diario\/wp-json\/wp\/v2\/comments?post=9062"}],"version-history":[{"count":1,"href":"https:\/\/www.areabesos.com\/diario\/wp-json\/wp\/v2\/posts\/9062\/revisions"}],"predecessor-version":[{"id":9064,"href":"https:\/\/www.areabesos.com\/diario\/wp-json\/wp\/v2\/posts\/9062\/revisions\/9064"}],"wp:featuredmedia":[{"embeddable":true,"href":"https:\/\/www.areabesos.com\/diario\/wp-json\/wp\/v2\/media\/9063"}],"wp:attachment":[{"href":"https:\/\/www.areabesos.com\/diario\/wp-json\/wp\/v2\/media?parent=9062"}],"wp:term":[{"taxonomy":"category","embeddable":true,"href":"https:\/\/www.areabesos.com\/diario\/wp-json\/wp\/v2\/categories?post=9062"},{"taxonomy":"post_tag","embeddable":true,"href":"https:\/\/www.areabesos.com\/diario\/wp-json\/wp\/v2\/tags?post=9062"}],"curies":[{"name":"wp","href":"https:\/\/api.w.org\/{rel}","templated":true}]}}