{"id":9059,"date":"2025-10-07T13:04:20","date_gmt":"2025-10-07T11:04:20","guid":{"rendered":"https:\/\/www.areabesos.com\/diario\/?p=9059"},"modified":"2025-10-07T13:04:21","modified_gmt":"2025-10-07T11:04:21","slug":"els-mossos-desquadra-detenen-lautor-del-robatori-duna-bicicleta-electrica-i-la-retornen-al-seu-propietari-a-sant-adria-de-besos","status":"publish","type":"post","link":"https:\/\/www.areabesos.com\/diario\/els-mossos-desquadra-detenen-lautor-del-robatori-duna-bicicleta-electrica-i-la-retornen-al-seu-propietari-a-sant-adria-de-besos\/","title":{"rendered":"Els Mossos d\u2019Esquadra detenen l\u2019autor del robatori d\u2019una bicicleta el\u00e8ctrica i la retornen al seu propietari a Sant Adri\u00e0 de Bes\u00f2s"},"content":{"rendered":"\n<p>Agents de la Policia de la Generalitat &#8211; Mossos d\u2019Esquadra de la comissaria de Sant Adri\u00e0 de Bes\u00f2s van detenir, el 4 d\u2019octubre, un home de 38 anys com a presumpte autor d\u2019un robatori interior de vehicle que es va produir hores abans a Barcelona.<\/p>\n\n\n\n<p>Pels volts de les 05:00 hores una patrulla de pais\u00e0 del Grup de Delinq\u00fc\u00e8ncia Urbana de Sant Adri\u00e0 de Bes\u00f2s va veure un home que circulava pel carrer Sant Ramon de Penyafort amb una bicicleta el\u00e8ctrica. Aquest home va fugir, ja que va detectar la pres\u00e8ncia dels agents, per\u00f2 el van poder aturar al carrer Mar.<\/p>\n\n\n\n<p>L\u2019home, de 38 anys i que acumula m\u00e9s de 70 setanta detencions, la majoria de les quals per fets patrimonials, va quedar detingut com a presumpte autor d\u2019un delicte de resist\u00e8ncia i desobedi\u00e8ncia als agents de l\u2019autoritat i d\u2019apropiaci\u00f3 indeguda, ja que els policies van poder acreditar que la bicicleta no era seva.<\/p>\n\n\n\n<p>Els agents van fer indagacions a partir d\u2019un adhesiu que duia la bicicleta, gr\u00e0cies a les quals van poder contactar amb el propietari d\u2019aquesta. L\u2019home els va confirmar que la bicicleta era seva i que li havien sostret aquell mateix dia, 4 d\u2019octubre, de dins del seu vehicle, el qual es trobava estacionat al carrer Proven\u00e7als de Barcelona.<\/p>\n\n\n\n<p>El detingut va passar el dia 5 a disposici\u00f3 judicial al jutjat d\u2019instrucci\u00f3 en funcions de gu\u00e0rdia de Badalona, mentre que la bicicleta va poder-se retornar al seu propietari.<\/p>\n","protected":false},"excerpt":{"rendered":"<p>Agents de la Policia de la Generalitat &#8211; Mossos d\u2019Esquadra de la comissaria de Sant Adri\u00e0 de Bes\u00f2s van detenir, el 4 d\u2019octubre, un home de 38 anys com a presumpte autor d\u2019un robatori interior de vehicle que es va produir hores abans a Barcelona. Pels volts de les 05:00 hores una patrulla de pais\u00e0 [&hellip;]<\/p>\n","protected":false},"author":2,"featured_media":9060,"comment_status":"closed","ping_status":"open","sticky":false,"template":"","format":"standard","meta":{"footnotes":""},"categories":[134],"tags":[],"class_list":{"0":"post-9059","1":"post","2":"type-post","3":"status-publish","4":"format-standard","5":"has-post-thumbnail","7":"category-actualitat"},"_links":{"self":[{"href":"https:\/\/www.areabesos.com\/diario\/wp-json\/wp\/v2\/posts\/9059","targetHints":{"allow":["GET"]}}],"collection":[{"href":"https:\/\/www.areabesos.com\/diario\/wp-json\/wp\/v2\/posts"}],"about":[{"href":"https:\/\/www.areabesos.com\/diario\/wp-json\/wp\/v2\/types\/post"}],"author":[{"embeddable":true,"href":"https:\/\/www.areabesos.com\/diario\/wp-json\/wp\/v2\/users\/2"}],"replies":[{"embeddable":true,"href":"https:\/\/www.areabesos.com\/diario\/wp-json\/wp\/v2\/comments?post=9059"}],"version-history":[{"count":1,"href":"https:\/\/www.areabesos.com\/diario\/wp-json\/wp\/v2\/posts\/9059\/revisions"}],"predecessor-version":[{"id":9061,"href":"https:\/\/www.areabesos.com\/diario\/wp-json\/wp\/v2\/posts\/9059\/revisions\/9061"}],"wp:featuredmedia":[{"embeddable":true,"href":"https:\/\/www.areabesos.com\/diario\/wp-json\/wp\/v2\/media\/9060"}],"wp:attachment":[{"href":"https:\/\/www.areabesos.com\/diario\/wp-json\/wp\/v2\/media?parent=9059"}],"wp:term":[{"taxonomy":"category","embeddable":true,"href":"https:\/\/www.areabesos.com\/diario\/wp-json\/wp\/v2\/categories?post=9059"},{"taxonomy":"post_tag","embeddable":true,"href":"https:\/\/www.areabesos.com\/diario\/wp-json\/wp\/v2\/tags?post=9059"}],"curies":[{"name":"wp","href":"https:\/\/api.w.org\/{rel}","templated":true}]}}