{"id":9056,"date":"2025-10-06T11:53:24","date_gmt":"2025-10-06T09:53:24","guid":{"rendered":"https:\/\/www.areabesos.com\/diario\/?p=9056"},"modified":"2025-10-06T11:53:24","modified_gmt":"2025-10-06T09:53:24","slug":"mor-un-home-mentre-treballava-en-una-empresa-de-sant-adria","status":"publish","type":"post","link":"https:\/\/www.areabesos.com\/diario\/mor-un-home-mentre-treballava-en-una-empresa-de-sant-adria\/","title":{"rendered":"Mor un home mentre treballava en una empresa de Sant Adri\u00e0"},"content":{"rendered":"\n<p>Agents de la Policia de la Generalitat \u2013 Mossos d\u2019Esquadra de la comissaria de Sant Adri\u00e0 de Bes\u00f2s i agents de la Unitat d\u2019Investigaci\u00f3 de Badalona han estat alertats a les 5 hores d\u2019aquest mat\u00ed, perqu\u00e8 s&#8217;havia produ\u00eft un accident laboral a Sant Adri\u00e0 de Bes\u00f2s.<\/p>\n\n\n\n<p>Per causes que la Unitat d\u2019Investigaci\u00f3 de Badalona est\u00e0 investigant, un home ha mort mentre netejava la xemeneia d\u2019una incineradora i li han caigut residus d\u2019aquesta a sobre.<\/p>\n\n\n\n<p>Al lloc dels fets s\u2019hi han traslladat tamb\u00e9 7 dotacions dels Bombers de la Generalitat (entre les quals dues unitats GRAE) i 4 dotacions del Sistema d\u2019Emerg\u00e8ncies M\u00e8diques.<\/p>\n\n\n\n<p>La v\u00edctima \u00e9s un home de 59 anys.<\/p>\n\n\n\n<p>Els mossos han posat els fets en coneixement del jutjat d\u2019instrucci\u00f3 en funcions de gu\u00e0rdia de Badalona i del Departament d\u2019Empresa i Treball d\u2019acord amb els procediments habituals en accidents laborals amb v\u00edctimes mortals.<\/p>\n","protected":false},"excerpt":{"rendered":"<p>Agents de la Policia de la Generalitat \u2013 Mossos d\u2019Esquadra de la comissaria de Sant Adri\u00e0 de Bes\u00f2s i agents de la Unitat d\u2019Investigaci\u00f3 de Badalona han estat alertats a les 5 hores d\u2019aquest mat\u00ed, perqu\u00e8 s&#8217;havia produ\u00eft un accident laboral a Sant Adri\u00e0 de Bes\u00f2s. Per causes que la Unitat d\u2019Investigaci\u00f3 de Badalona est\u00e0 [&hellip;]<\/p>\n","protected":false},"author":2,"featured_media":1531,"comment_status":"closed","ping_status":"open","sticky":false,"template":"","format":"standard","meta":{"footnotes":""},"categories":[134],"tags":[],"class_list":{"0":"post-9056","1":"post","2":"type-post","3":"status-publish","4":"format-standard","5":"has-post-thumbnail","7":"category-actualitat"},"_links":{"self":[{"href":"https:\/\/www.areabesos.com\/diario\/wp-json\/wp\/v2\/posts\/9056","targetHints":{"allow":["GET"]}}],"collection":[{"href":"https:\/\/www.areabesos.com\/diario\/wp-json\/wp\/v2\/posts"}],"about":[{"href":"https:\/\/www.areabesos.com\/diario\/wp-json\/wp\/v2\/types\/post"}],"author":[{"embeddable":true,"href":"https:\/\/www.areabesos.com\/diario\/wp-json\/wp\/v2\/users\/2"}],"replies":[{"embeddable":true,"href":"https:\/\/www.areabesos.com\/diario\/wp-json\/wp\/v2\/comments?post=9056"}],"version-history":[{"count":1,"href":"https:\/\/www.areabesos.com\/diario\/wp-json\/wp\/v2\/posts\/9056\/revisions"}],"predecessor-version":[{"id":9057,"href":"https:\/\/www.areabesos.com\/diario\/wp-json\/wp\/v2\/posts\/9056\/revisions\/9057"}],"wp:featuredmedia":[{"embeddable":true,"href":"https:\/\/www.areabesos.com\/diario\/wp-json\/wp\/v2\/media\/1531"}],"wp:attachment":[{"href":"https:\/\/www.areabesos.com\/diario\/wp-json\/wp\/v2\/media?parent=9056"}],"wp:term":[{"taxonomy":"category","embeddable":true,"href":"https:\/\/www.areabesos.com\/diario\/wp-json\/wp\/v2\/categories?post=9056"},{"taxonomy":"post_tag","embeddable":true,"href":"https:\/\/www.areabesos.com\/diario\/wp-json\/wp\/v2\/tags?post=9056"}],"curies":[{"name":"wp","href":"https:\/\/api.w.org\/{rel}","templated":true}]}}