{"id":9053,"date":"2025-10-06T11:43:49","date_gmt":"2025-10-06T09:43:49","guid":{"rendered":"https:\/\/www.areabesos.com\/diario\/?p=9053"},"modified":"2025-10-06T11:43:50","modified_gmt":"2025-10-06T09:43:50","slug":"chinchate-ayuso-la-flotilla-esta-triunfando","status":"publish","type":"post","link":"https:\/\/www.areabesos.com\/diario\/chinchate-ayuso-la-flotilla-esta-triunfando\/","title":{"rendered":"Ch\u00ednchate Ayuso: la Flotilla est\u00e1 triunfando"},"content":{"rendered":"\n<p>\u00bfPodr\u00e1s dormir tranquila esta noche, Isabel, cuando al acostarte imagines que las primeras noticias de ma\u00f1ana podr\u00edan anunciar que ning\u00fan ni\u00f1o palestino ha sido asesinado a las \u00f3rdenes de Netanyahu?<\/p>\n\n\n\n<p>Te hab\u00edas acostumbrado tanto a la normalidad genocida que quiz\u00e1s lo de Gaza ya te comenzaba a parecer el estado natural de las cosas, una versi\u00f3n tambi\u00e9n infanticida de aquel COVID durante el que 7.291 \u201cse iban a morir igual\u201d.<\/p>\n\n\n\n<p>\u00bfNo crees que cruel sin paliativos es tu t\u00edtulo m\u00e1s merecido?<\/p>\n\n\n\n<p>En cambio, has dicho de quienes se embarcaron en la Flotilla que \u201csi creyeran que Israel es genocida no hubieran ido\u201d.<\/p>\n\n\n\n<p>Los llamaste cobardes.<\/p>\n\n\n\n<p>\u00bfAcaso dudas de que se jugaban y se siguen jugando la vida?<\/p>\n\n\n\n<p>Dime que hab\u00edas bebido m\u00e1s de la cuenta cuando soltaste tal cosa porque, ciertamente, es mucho peor que no necesites alcohol cada vez que siembras un odio que quiz\u00e1s te termine convirtiendo en un bulto abandonado en un rinc\u00f3n que nunca visitar\u00e1n ni por error quienes hoy te r\u00eden las desgracias que tanto deseas para tus adversarios, y disculpa la met\u00e1fora de lo que podr\u00eda ser un futuro que no deseo para nadie.<\/p>\n\n\n\n<p>Tambi\u00e9n me pregunto m\u00e1s cosas.<\/p>\n\n\n\n<p>Por ejemplo, \u00bfc\u00f3mo es posible que a\u00fan no hayas ordenado a tu novio A. G. Amador que se ponga a las \u00f3rdenes de Netanyahu para asesinar ni\u00f1os palestinos? \u00bfAcaso \u00e9l no te debe ning\u00fan favor? \u00bfO lo tuyo solo es postureo?<\/p>\n\n\n\n<p>Adem\u00e1s, si lo hubieras enviado a tan (anti) humanitaria misi\u00f3n, se habr\u00edan retrasado a\u00fan m\u00e1s, ya sabes, fuerza mayor, los tr\u00e1mites de ese asunto que tan de los nervios te pone, que a veces hasta se te nota, lo siento, pero, \u00bfa quien se le ocurre reconocer por escrito un fraude al fisco?<\/p>\n\n\n\n<p>\u00bfA qu\u00e9 t\u00fa nunca lo habr\u00edas hecho?<\/p>\n\n\n\n<p>Y lo peor fue intentar que colara una versi\u00f3n falsa sin poder destruir la aut\u00e9ntica.<\/p>\n\n\n\n<p>Un cero patatero en una gesti\u00f3n que puede terminar saliendo muy cara. A ti.<\/p>\n\n\n\n<p>Pero regresemos a una guerra que quiz\u00e1s se est\u00e1 convirtiendo en paz gracias a la que llamaste \u201casamblea de facultad flotante\u201d que ojal\u00e1 se hubiera convocado antes. Te har\u00e9 una pregunta y, si te atreves, intenta responder.<\/p>\n\n\n\n<p>\u00bfAcaso no es cierto que ha sido todo uno lo de entregarse los activistas de la Flotilla a los militares israelitas, lanzar acto seguido Trump un ultim\u00e1tum a los de HAMAS, aceptarlo estos y tambi\u00e9n Trump la respuesta de HAMAS para decirle a Israel que \u201cdebe parar inmediatamente los bombardeos sobre Gaza\u201d? &nbsp;<\/p>\n\n\n\n<p>En este momento estamos mejor que antes de la Flotilla y es as\u00ed gracias a la Flotilla. Quien lo niegue sabe que miente, t\u00fa incluida. Cometieron la osad\u00eda de subir a unos barcos para un viaje que nadie sab\u00eda c\u00f3mo terminar\u00eda cuando se acercaran a Gaza con la ayuda humanitaria que transportaban.<\/p>\n\n\n\n<p>En tiempos de recuperaci\u00f3n de la Memoria decido salvar todas las distancias, pero no dejo de pensar en lo muy distinto que habr\u00eda sido el siglo XX si uno o varios pa\u00edses con fuerza bastante hubieran apoyado a los valientes de las Brigadas Internacionales que vinieron a defender la legalidad republicana vigente contra la alianza de nazis y fascistas que\u2026, y cuantos genocidios me vienen a la cabeza.<\/p>\n\n\n\n<p>Y tambi\u00e9n cuantas paradojas.<\/p>\n\n\n\n<p>Se me acaba el tiempo cuando comienza a anochecer este s\u00e1bado cuatro de octubre, pero no me ir\u00eda tranquilo sin antes comprobar, Isabel D\u00edaz Ayuso, si has sido capaz de reaccionar ante el desastre que para ti supone el \u00e9xito de una iniciativa solidaria, valiente, generosa, colectiva e internacional a favor de los indefensos frente al genocidio.<\/p>\n\n\n\n<p>Una acci\u00f3n a la que t\u00fa no te habr\u00edas sumado jam\u00e1s.<\/p>\n\n\n\n<p>\u00bfPor insolidaridad, por cobard\u00eda, o por ambas \u201cmierdas\u201d a la vez?<\/p>\n\n\n\n<p>Que dif\u00edcil es no copiarte cuando quiero provocar.<\/p>\n\n\n\n<p>Nunca decepcionas, pero, esta vez tu fracaso ante la Flotilla es tan grande que, incluso volviendo a insultar, no has podido evitar reconocerlo:<\/p>\n\n\n\n<p>\u201c<em>Ha sido o\u00edr la palabra paz y casi se rompen, \u00bfpor qu\u00e9? Porque con quien Bildu se acuesta, secuestrado se levanta<\/em>\u201d.<\/p>\n\n\n\n<p>He le\u00eddo que acabas de escupir esto.<\/p>\n\n\n\n<p>Ten cuidado, presidenta madrile\u00f1a, es un consejo, que una cosa es llamar \u201cputa\u201d a cualquier \u201cfruta\u201d en tu propia casa, y otra muy distinta llamar secuestrador a Netanyahu, que esto podr\u00eda salirte muy caro.<\/p>\n\n\n\n<p>\u201cThere\u2019s too much confusi\u00f3n\u201d nos sigue diciendo un Jimi Hendrix inmortal desde su insuperable versi\u00f3n de \u201cAll along the watchtower\u201d.<\/p>\n\n\n\n<p>No te dediques a sembrar m\u00e1s basura ni para confundir, Isabel, pues el poder que persigues no te valdr\u00e1 la pena.<\/p>\n\n\n\n<p>En el erial que nacer\u00eda de tus odios triunfantes solo encontrar\u00e1s cad\u00e1veres disfrazados de aduladores.<\/p>\n\n\n\n<p><span style=\"background-color:#120101\" class=\"td_text_highlight_marker\">Domingo Sanz<\/span><\/p>\n\n\n\n<p><\/p>\n","protected":false},"excerpt":{"rendered":"<p>\u00bfPodr\u00e1s dormir tranquila esta noche, Isabel, cuando al acostarte imagines que las primeras noticias de ma\u00f1ana podr\u00edan anunciar que ning\u00fan ni\u00f1o palestino ha sido asesinado a las \u00f3rdenes de Netanyahu? Te hab\u00edas acostumbrado tanto a la normalidad genocida que quiz\u00e1s lo de Gaza ya te comenzaba a parecer el estado natural de las cosas, una [&hellip;]<\/p>\n","protected":false},"author":2,"featured_media":9054,"comment_status":"closed","ping_status":"open","sticky":false,"template":"","format":"standard","meta":{"footnotes":""},"categories":[139],"tags":[],"class_list":{"0":"post-9053","1":"post","2":"type-post","3":"status-publish","4":"format-standard","5":"has-post-thumbnail","7":"category-opinio"},"_links":{"self":[{"href":"https:\/\/www.areabesos.com\/diario\/wp-json\/wp\/v2\/posts\/9053","targetHints":{"allow":["GET"]}}],"collection":[{"href":"https:\/\/www.areabesos.com\/diario\/wp-json\/wp\/v2\/posts"}],"about":[{"href":"https:\/\/www.areabesos.com\/diario\/wp-json\/wp\/v2\/types\/post"}],"author":[{"embeddable":true,"href":"https:\/\/www.areabesos.com\/diario\/wp-json\/wp\/v2\/users\/2"}],"replies":[{"embeddable":true,"href":"https:\/\/www.areabesos.com\/diario\/wp-json\/wp\/v2\/comments?post=9053"}],"version-history":[{"count":1,"href":"https:\/\/www.areabesos.com\/diario\/wp-json\/wp\/v2\/posts\/9053\/revisions"}],"predecessor-version":[{"id":9055,"href":"https:\/\/www.areabesos.com\/diario\/wp-json\/wp\/v2\/posts\/9053\/revisions\/9055"}],"wp:featuredmedia":[{"embeddable":true,"href":"https:\/\/www.areabesos.com\/diario\/wp-json\/wp\/v2\/media\/9054"}],"wp:attachment":[{"href":"https:\/\/www.areabesos.com\/diario\/wp-json\/wp\/v2\/media?parent=9053"}],"wp:term":[{"taxonomy":"category","embeddable":true,"href":"https:\/\/www.areabesos.com\/diario\/wp-json\/wp\/v2\/categories?post=9053"},{"taxonomy":"post_tag","embeddable":true,"href":"https:\/\/www.areabesos.com\/diario\/wp-json\/wp\/v2\/tags?post=9053"}],"curies":[{"name":"wp","href":"https:\/\/api.w.org\/{rel}","templated":true}]}}