{"id":9049,"date":"2025-10-03T13:34:53","date_gmt":"2025-10-03T11:34:53","guid":{"rendered":"https:\/\/www.areabesos.com\/diario\/?p=9049"},"modified":"2025-10-03T13:34:53","modified_gmt":"2025-10-03T11:34:53","slug":"l-amb-engega-impuls-besos-15-milions-deuros-per-fer-un-salt-endavant-en-regeneracio-urbana-i-social","status":"publish","type":"post","link":"https:\/\/www.areabesos.com\/diario\/l-amb-engega-impuls-besos-15-milions-deuros-per-fer-un-salt-endavant-en-regeneracio-urbana-i-social\/","title":{"rendered":"L&#8217; AMB engega \u00abImpuls Bes\u00f2s\u00bb: 15 milions d&#8217;euros per fer un salt endavant en regeneraci\u00f3 urbana i social"},"content":{"rendered":"\n<p>L\u2019\u00c0rea Metropolitana de Barcelona (AMB) posa en marxa el projecte <strong>IMPULS Bes\u00f2s<\/strong>, un <strong>pla d\u2019actuaci\u00f3 integrat (PAI)<\/strong> alineat amb l\u2019Agenda Urbana de l\u2019ens metropolit\u00e0 que permetr\u00e0 <strong>seguir transformant aquest sector<\/strong> a partir dels <strong>4 eixos d\u2019acci\u00f3 de l\u2019Agenda: social, ambiental, territorial i estrat\u00e8gic<\/strong>. El projecte preveu una inversi\u00f3 de <strong>15 milions d\u2019euros<\/strong>, <strong>6 dels quals provenen del govern central i 9 <\/strong>seran assumits per l\u2019AMB i els ajuntaments de Sant Adri\u00e0 de Bes\u00f2s i Badalona. Aquestes <strong>ajudes del govern d\u2019Espanya<\/strong>, que s\u2019emmarquen en les anomenades <strong>EDIL<\/strong> (estrat\u00e8gies de desenvolupament integrat local),<strong> es canalitzen mitjan\u00e7ant els fons FEDER 2021-2027.<\/strong><\/p>\n\n\n\n<p><strong>Antonio Balm\u00f3n<\/strong>, vicepresident executiu de l\u2019AMB afirma que \u201c<strong>IMPULS Bes\u00f2s&nbsp;es presenta com l&#8217;\u00fanic laboratori d&#8217;innovaci\u00f3 urbana liderat per una administraci\u00f3 metropolitana a Espanya<\/strong> i orientat a l&#8217;escalabilitat dels seus projectes a tot el territori metropolit\u00e0. El programa desplega iniciatives com <strong>la transformaci\u00f3 i millora de la C-31 per minimitzar l\u2019efecte barrera i millorar la connectivitat\u201d. <\/strong>Tamb\u00e9 destaca la qualitat dels projectes presentats per l\u2019AMB i els ajuntaments metropolitans, fet que es demostra amb l\u2019impacte pressupostari que tindr\u00e0 pel territori. \u201cA m\u00e9s, incorpora aprenentatges de projectes europeus per millorar la resili\u00e8ncia urbana, a fi de consolidar-se com un referent en transformaci\u00f3 urbana i cohesi\u00f3 social\u201d, constata.&nbsp;&nbsp;&nbsp;&nbsp;&nbsp;&nbsp;<\/p>\n\n\n\n<p><strong>IMPULS Bes\u00f2s<\/strong> neix per <strong>transformar una de les zones m\u00e9s vulnerables<\/strong> del territori metropolit\u00e0, amb una visi\u00f3 transversal i integrada que supera la fragmentaci\u00f3 territorial i respon a reptes compartits. El projecte s\u2019estructura <strong>en tres eixos estrat\u00e8gics:<\/strong><\/p>\n\n\n\n<ul class=\"wp-block-list\">\n<li><strong>Eix c\u00edvic<\/strong>: <strong>millora de l\u2019habitabilitat i la conviv\u00e8ncia a la C-31<\/strong>, la Gran Via Metropolitana. S\u2019impulsar\u00e0 la mobilitat a peu i en bicicleta i l\u2019ordenaci\u00f3 dels passos inferiors i es millorar\u00e0 la seguretat\u00a0 en aquest espai.<\/li>\n\n\n\n<li><strong>Eix hist\u00f2ric<\/strong>: transformaci\u00f3 urbana de l\u2019antiga N-2 (<strong>avinguda d\u2019Alfons XIII a Badalona i\u00a0 Pi i Margall a Sant Adri\u00e0 de Bes\u00f2s)<\/strong> a partir de la renaturalitzaci\u00f3 i regeneraci\u00f3 urbana de l\u2019eix amb especial \u00e8mfasi amb el corredor intel\u00b7ligent de bus metropolit\u00e0 i la bicicleta. A m\u00e9s, es crear\u00e0 <strong>un laboratori d\u2019innovaci\u00f3 urbana i metropolitana<\/strong>, un centre supramunicipal per abordar la vulnerabilitat social, urbana i clim\u00e0tica.<\/li>\n\n\n\n<li><strong>Eix blau<\/strong>: <strong>Regeneraci\u00f3 i naturalitzaci\u00f3 del passeig fluvial en el tram Pollancreda &#8211; pont dels Passadors, que dona continu\u00eftat a<\/strong>l passeig fluvial del riu Bes\u00f2s, amb nous usos socials i ambientals.<\/li>\n<\/ul>\n\n\n\n<div><a href=\"https:\/\/www.areabesos.com\/diario\/wp-content\/uploads\/2025\/10\/impulsbesos03-1024x683.jpg\" class=\"td-modal-image\"><figure class=\"wp-block-image size-large\"><img loading=\"lazy\" decoding=\"async\" width=\"1024\" height=\"683\" src=\"https:\/\/www.areabesos.com\/diario\/wp-content\/uploads\/2025\/10\/impulsbesos03-1024x683.jpg\" alt=\"\" class=\"wp-image-9050\" srcset=\"https:\/\/www.areabesos.com\/diario\/wp-content\/uploads\/2025\/10\/impulsbesos03-1024x683.jpg 1024w, https:\/\/www.areabesos.com\/diario\/wp-content\/uploads\/2025\/10\/impulsbesos03-300x200.jpg 300w, https:\/\/www.areabesos.com\/diario\/wp-content\/uploads\/2025\/10\/impulsbesos03-768x512.jpg 768w, https:\/\/www.areabesos.com\/diario\/wp-content\/uploads\/2025\/10\/impulsbesos03-150x100.jpg 150w, https:\/\/www.areabesos.com\/diario\/wp-content\/uploads\/2025\/10\/impulsbesos03-696x464.jpg 696w, https:\/\/www.areabesos.com\/diario\/wp-content\/uploads\/2025\/10\/impulsbesos03-1068x712.jpg 1068w, https:\/\/www.areabesos.com\/diario\/wp-content\/uploads\/2025\/10\/impulsbesos03.jpg 1200w\" sizes=\"auto, (max-width: 1024px) 100vw, 1024px\" \/><\/figure><\/a><\/div>\n\n\n\n<p>A trav\u00e9s d\u2019una <strong>intervenci\u00f3 integral<\/strong> que combina <strong>renaturalitzaci\u00f3, digitalitzaci\u00f3 i dinamitzaci\u00f3 socioecon\u00f2mica<\/strong>,IMPULS Bes\u00f2s es converteix en un model reprodu\u00efble en altres zones vulnerables del territori metropolit\u00e0 i en un <strong>referent de cooperaci\u00f3<\/strong> entre <strong>administracions i actors clau del territori.<\/strong><\/p>\n\n\n\n<p>Les actuacions transformadores es portaran a terme en<strong> 6 barris de Badalona<\/strong> (Artigas, el Remei, Sant Antoni de Llefi\u00e0, Sant Joan de Llefi\u00e0, Sant Mori de Llefi\u00e0 i Sant Roc) i <strong>2 barris de Sant Adri\u00e0 de Bes\u00f2s<\/strong> (Sant Adri\u00e0 Nord i Sant Joan Baptista).<\/p>\n\n\n\n<p>El projecte consta d\u2019un total de <strong>12 actuacions <\/strong>per <strong>regenerar i transformar el territori, millorar la qualitat de vida, fomentar la sostenibilitat i superar barreres d\u2019infraestructures<\/strong> que provoquen una fragmentaci\u00f3 del territori.<\/p>\n\n\n\n<p><strong><u>IMPULS Bes\u00f2s: articulaci\u00f3 d\u2019una xarxa de projectes metropolitans interconnectats<\/u><\/strong><\/p>\n\n\n\n<p><strong>IMPULS Bes\u00f2s<\/strong> articula una xarxa de connexi\u00f3 amb altres <strong>projectes i actuacions<\/strong> que l\u2019AMB ha&nbsp; portat a terme al llarg del l\u2019\u00faltima d\u00e8cada <strong>de manera transversal i integrada<\/strong>: l\u2019<a href=\"https:\/\/www.amb.cat\/web\/amb\/actualitat\/sala-de-premsa\/notes-de-premsa\/detall\/-\/notapremsa\/l-amb-presenta-un-pla-de-500-milions-per-regenerar--cohesionar-i-impulsar\/14720408\/11696\"><strong>Estrat\u00e8gia Bes\u00f2s<\/strong><\/a><strong>, <\/strong>el<a href=\"https:\/\/www.amb.cat\/ca\/web\/amb\/actualitat\/sala-de-premsa\/notes-de-premsa\/detall\/-\/notapremsa\/l-amb-engega-el-programa-metropolita-de-barris-per-combatre-la-pobresa\/12524222\/11696\"><strong>Programa metropolit\u00e0 per a la millora de barris<\/strong><\/a><strong>, <\/strong>la<a href=\"https:\/\/www.amb.cat\/web\/mobilitat\/projectes-oberts\/detall\/-\/projecteobert\/bicivia\/6439486\/11704\"><strong>Bicivia metropolitana<\/strong><\/a><strong>, <\/strong>la<a href=\"https:\/\/www.amb.cat\/web\/amb\/actualitat\/sala-de-premsa\/notes-de-premsa\/detall\/-\/notapremsa\/la-fase-2-de-renaturalitzacio-del-riu-besos-permetra-connectar-l-espai\/26630223\/11696\"><strong>renaturalitzaci\u00f3 del riu Bes\u00f2s,<\/strong><\/a><strong> <\/strong>o el<a href=\"https:\/\/urbanisme.amb.cat\/pdu-metropolita\"><strong>PDU metropolit\u00e0<\/strong><\/a><strong> <\/strong>amb projectes com les<a href=\"https:\/\/www.amb.cat\/web\/amb\/actualitat\/sala-de-premsa\/notes-de-premsa\/detall\/-\/notapremsa\/metropolis-d-avingudes-dibuixa-la-futura-transformacio-de-les-autopistes\/14623958\/11696\"><strong>Avingudes Metropolitanes.<\/strong><\/a><strong><\/strong><\/p>\n\n\n\n<p>A m\u00e9s, aquest Pla d\u2019actuaci\u00f3 integrat&nbsp;t\u00e9 <strong>sinergies amb projectes europeus d\u2019innovaci\u00f3<\/strong>, com els projectes <strong>Horizon Europe Commit2Green, NextMed NBS4MED<\/strong> i <a href=\"https:\/\/www.amb.cat\/web\/amb\/actualitat\/sala-de-premsa\/notes-de-premsa\/detall\/-\/notapremsa\/la-unio-europea-selecciona-un-projecte-de-l-amb-per-construir-cobertes\/18196983\/11696\"><strong>EUI TOP SEC<\/strong><\/a> que impulsen estrat\u00e8gies d\u2019adaptaci\u00f3 clim\u00e0tica i biodiversitat urbana, el projecte <strong>EUI Time2Adapt<\/strong>, que tracta la governan\u00e7a per integrar refugis clim\u00e0tics que responguin a les necessitats ciutadanes, el projecte <a href=\"https:\/\/www.amb.cat\/web\/amb\/area-internacional\/programes-i-projectes\/detall\/-\/cooperacio\/riconnect\/8627211\/11696\"><strong>URBACT RiConnect<\/strong><\/a><strong>, <\/strong>per repensar les grans infraestructures metropolitanes, i els projectes &nbsp;Interreg Europe SMART MR &nbsp;i MetroCase, que tracten&nbsp; temes de mobilitat sostenible i de governan\u00e7a metropolitana.<\/p>\n\n\n\n<p><\/p>\n","protected":false},"excerpt":{"rendered":"<p>L\u2019\u00c0rea Metropolitana de Barcelona (AMB) posa en marxa el projecte IMPULS Bes\u00f2s, un pla d\u2019actuaci\u00f3 integrat (PAI) alineat amb l\u2019Agenda Urbana de l\u2019ens metropolit\u00e0 que permetr\u00e0 seguir transformant aquest sector a partir dels 4 eixos d\u2019acci\u00f3 de l\u2019Agenda: social, ambiental, territorial i estrat\u00e8gic. El projecte preveu una inversi\u00f3 de 15 milions d\u2019euros, 6 dels quals [&hellip;]<\/p>\n","protected":false},"author":2,"featured_media":9051,"comment_status":"closed","ping_status":"open","sticky":false,"template":"","format":"standard","meta":{"footnotes":""},"categories":[134],"tags":[],"class_list":{"0":"post-9049","1":"post","2":"type-post","3":"status-publish","4":"format-standard","5":"has-post-thumbnail","7":"category-actualitat"},"_links":{"self":[{"href":"https:\/\/www.areabesos.com\/diario\/wp-json\/wp\/v2\/posts\/9049","targetHints":{"allow":["GET"]}}],"collection":[{"href":"https:\/\/www.areabesos.com\/diario\/wp-json\/wp\/v2\/posts"}],"about":[{"href":"https:\/\/www.areabesos.com\/diario\/wp-json\/wp\/v2\/types\/post"}],"author":[{"embeddable":true,"href":"https:\/\/www.areabesos.com\/diario\/wp-json\/wp\/v2\/users\/2"}],"replies":[{"embeddable":true,"href":"https:\/\/www.areabesos.com\/diario\/wp-json\/wp\/v2\/comments?post=9049"}],"version-history":[{"count":1,"href":"https:\/\/www.areabesos.com\/diario\/wp-json\/wp\/v2\/posts\/9049\/revisions"}],"predecessor-version":[{"id":9052,"href":"https:\/\/www.areabesos.com\/diario\/wp-json\/wp\/v2\/posts\/9049\/revisions\/9052"}],"wp:featuredmedia":[{"embeddable":true,"href":"https:\/\/www.areabesos.com\/diario\/wp-json\/wp\/v2\/media\/9051"}],"wp:attachment":[{"href":"https:\/\/www.areabesos.com\/diario\/wp-json\/wp\/v2\/media?parent=9049"}],"wp:term":[{"taxonomy":"category","embeddable":true,"href":"https:\/\/www.areabesos.com\/diario\/wp-json\/wp\/v2\/categories?post=9049"},{"taxonomy":"post_tag","embeddable":true,"href":"https:\/\/www.areabesos.com\/diario\/wp-json\/wp\/v2\/tags?post=9049"}],"curies":[{"name":"wp","href":"https:\/\/api.w.org\/{rel}","templated":true}]}}