{"id":9047,"date":"2025-09-29T12:31:33","date_gmt":"2025-09-29T10:31:33","guid":{"rendered":"https:\/\/www.areabesos.com\/diario\/?p=9047"},"modified":"2025-10-03T12:33:46","modified_gmt":"2025-10-03T10:33:46","slug":"area-besos-345-setembre-2025","status":"publish","type":"post","link":"https:\/\/www.areabesos.com\/diario\/area-besos-345-setembre-2025\/","title":{"rendered":"\u00c0rea Bes\u00f2s 345 Setembre 2025"},"content":{"rendered":"\n<p>En el n\u00famero de setembre de l&#8217;\u00c0rea Bes\u00f2s parlem sobre la inauguraci\u00f3 del Bosc d&#8217;Empemtes, el monument ubicat al campus Diagonal-Mar en mem\u00f2ria dels afusellats durant el franquisme al Camp de la Bota. Tamb\u00e9 destaquem que el projecte de renaturalitzaci\u00f3 de la desembocadura del riu Bes\u00f2s rebr\u00e0 fons europeus per tirar endavant. <\/p>\n\n\n<a href=\"https:\/\/www.areabesos.com\/diario\/wp-content\/uploads\/2025\/10\/AB0345.pdf\" class=\"pdfemb-viewer\" style=\"\" data-width=\"max\" data-height=\"max\" data-toolbar=\"both\" data-toolbar-fixed=\"on\">AB0345<\/a>","protected":false},"excerpt":{"rendered":"<p>En el n\u00famero de setembre de l&#8217;\u00c0rea Bes\u00f2s parlem sobre la inauguraci\u00f3 del Bosc d&#8217;Empemtes, el monument ubicat al campus Diagonal-Mar en mem\u00f2ria dels afusellats durant el franquisme al Camp de la Bota. Tamb\u00e9 destaquem que el projecte de renaturalitzaci\u00f3 de la desembocadura del riu Bes\u00f2s rebr\u00e0 fons europeus per tirar endavant.<\/p>\n","protected":false},"author":1,"featured_media":9046,"comment_status":"closed","ping_status":"open","sticky":false,"template":"","format":"standard","meta":{"footnotes":""},"categories":[141],"tags":[],"class_list":{"0":"post-9047","1":"post","2":"type-post","3":"status-publish","4":"format-standard","5":"has-post-thumbnail","7":"category-edicio-impresa"},"_links":{"self":[{"href":"https:\/\/www.areabesos.com\/diario\/wp-json\/wp\/v2\/posts\/9047","targetHints":{"allow":["GET"]}}],"collection":[{"href":"https:\/\/www.areabesos.com\/diario\/wp-json\/wp\/v2\/posts"}],"about":[{"href":"https:\/\/www.areabesos.com\/diario\/wp-json\/wp\/v2\/types\/post"}],"author":[{"embeddable":true,"href":"https:\/\/www.areabesos.com\/diario\/wp-json\/wp\/v2\/users\/1"}],"replies":[{"embeddable":true,"href":"https:\/\/www.areabesos.com\/diario\/wp-json\/wp\/v2\/comments?post=9047"}],"version-history":[{"count":1,"href":"https:\/\/www.areabesos.com\/diario\/wp-json\/wp\/v2\/posts\/9047\/revisions"}],"predecessor-version":[{"id":9048,"href":"https:\/\/www.areabesos.com\/diario\/wp-json\/wp\/v2\/posts\/9047\/revisions\/9048"}],"wp:featuredmedia":[{"embeddable":true,"href":"https:\/\/www.areabesos.com\/diario\/wp-json\/wp\/v2\/media\/9046"}],"wp:attachment":[{"href":"https:\/\/www.areabesos.com\/diario\/wp-json\/wp\/v2\/media?parent=9047"}],"wp:term":[{"taxonomy":"category","embeddable":true,"href":"https:\/\/www.areabesos.com\/diario\/wp-json\/wp\/v2\/categories?post=9047"},{"taxonomy":"post_tag","embeddable":true,"href":"https:\/\/www.areabesos.com\/diario\/wp-json\/wp\/v2\/tags?post=9047"}],"curies":[{"name":"wp","href":"https:\/\/api.w.org\/{rel}","templated":true}]}}