{"id":9041,"date":"2025-09-22T12:25:20","date_gmt":"2025-09-22T10:25:20","guid":{"rendered":"https:\/\/www.areabesos.com\/diario\/?p=9041"},"modified":"2025-10-01T12:26:28","modified_gmt":"2025-10-01T10:26:28","slug":"lateneu-adrianenc-i-la-biblioteca-sant-adria-commemoren-els-seus-aniversaris-amb-els-concursos-literari-i-de-dibuix-racons-per-celebrar","status":"publish","type":"post","link":"https:\/\/www.areabesos.com\/diario\/lateneu-adrianenc-i-la-biblioteca-sant-adria-commemoren-els-seus-aniversaris-amb-els-concursos-literari-i-de-dibuix-racons-per-celebrar\/","title":{"rendered":"L\u2019Ateneu Adrianenc i la Biblioteca Sant Adri\u00e0 commemoren els seus aniversaris amb els concursos literari i de dibuix \u201cRacons per celebrar\u201d"},"content":{"rendered":"\n<p>L\u2019Ateneu Adrianenc celebra aquest 2025 el seu centenari, aix\u00ed com la Biblioteca Sant Adri\u00e0 commemora el seu 50\u00e8 aniversari. Per celebrar-ho han organitzat dos concurs, un de dibuix i un altre de relats breus al voltant del tema \u201c100 anys d\u2019Ateneu, 50 anys de Biblioteca\u201d.<br>Els concursos estan oberts a tothom. En el cas del de dibuix, hi poden participar infants a partir dels 3 anys, i el dibuix es pot presentar individualemnt o per classes. S\u2019estableixen quatre categories: Infantil (3-5 anys); Prim\u00e0ria (6-12 anys); Joves (13-18 anys); i Adults. La t\u00e8cnica i el format s\u00f3n lliures, els treballs han de ser in\u00e8dits i originals i no pot haver estat premiats ni finalista en concursos anteriors. Es valorar\u00e0 la qualitat liter\u00e0ria i l\u2019\u00fas de llenguatge respectu\u00f3s i no sexista, en coher\u00e8ncia amb el model de refer\u00e8ncia.<br>Pel que fa al concurs de relats breus, es poden presentar escrits en catal\u00e0 i en castell\u00e0.<br>Totes les obres es poden presentar fins el 15 d\u2019octubre (incl\u00f2s) i s\u2019han d\u2019enviar per correu electr\u00f2nic a l\u2019adre\u00e7a aniversariateneubibliotecasab@gmail.com. A l\u2019assumpte del correu s\u2019ha d\u2019especificar \u201cConcurs dibuix\u201d o \u201cConcurs Relat\u201d+categoria. En el concurs de dibuix, si l\u2019obra es premiada s\u2019haur\u00e0 de lliurar en format original el dia de l\u2019acte.<br>S\u2019han establert primer, segon i tercer premi en totes les categories, 12 en el cas del concurs de dibuix i 9 en el de relat. Tots els premis seran lots de llibres.<br>Les obres premiades quedaran en poder de l\u2019organitzaci\u00f3, que es reserva el dret de difusi\u00f3 (exposici\u00f3, webs i xarxes de l\u2019Ateneu i la Biblioteca, publicacions no comercials vinculades a l\u2019acte), sempre citant l\u2019autoria.<br>El lliurament de premis tindr\u00e0 lloc el proper 23 d\u2019octubre a partir de les 18 hores a la Biblioteca de Sant Adri\u00e0.<\/p>\n","protected":false},"excerpt":{"rendered":"<p>L\u2019Ateneu Adrianenc celebra aquest 2025 el seu centenari, aix\u00ed com la Biblioteca Sant Adri\u00e0 commemora el seu 50\u00e8 aniversari. Per celebrar-ho han organitzat dos concurs, un de dibuix i un altre de relats breus al voltant del tema \u201c100 anys d\u2019Ateneu, 50 anys de Biblioteca\u201d.Els concursos estan oberts a tothom. En el cas del de [&hellip;]<\/p>\n","protected":false},"author":1,"featured_media":9043,"comment_status":"closed","ping_status":"open","sticky":false,"template":"","format":"standard","meta":{"footnotes":""},"categories":[136],"tags":[],"class_list":{"0":"post-9041","1":"post","2":"type-post","3":"status-publish","4":"format-standard","5":"has-post-thumbnail","7":"category-cultura"},"_links":{"self":[{"href":"https:\/\/www.areabesos.com\/diario\/wp-json\/wp\/v2\/posts\/9041","targetHints":{"allow":["GET"]}}],"collection":[{"href":"https:\/\/www.areabesos.com\/diario\/wp-json\/wp\/v2\/posts"}],"about":[{"href":"https:\/\/www.areabesos.com\/diario\/wp-json\/wp\/v2\/types\/post"}],"author":[{"embeddable":true,"href":"https:\/\/www.areabesos.com\/diario\/wp-json\/wp\/v2\/users\/1"}],"replies":[{"embeddable":true,"href":"https:\/\/www.areabesos.com\/diario\/wp-json\/wp\/v2\/comments?post=9041"}],"version-history":[{"count":1,"href":"https:\/\/www.areabesos.com\/diario\/wp-json\/wp\/v2\/posts\/9041\/revisions"}],"predecessor-version":[{"id":9044,"href":"https:\/\/www.areabesos.com\/diario\/wp-json\/wp\/v2\/posts\/9041\/revisions\/9044"}],"wp:featuredmedia":[{"embeddable":true,"href":"https:\/\/www.areabesos.com\/diario\/wp-json\/wp\/v2\/media\/9043"}],"wp:attachment":[{"href":"https:\/\/www.areabesos.com\/diario\/wp-json\/wp\/v2\/media?parent=9041"}],"wp:term":[{"taxonomy":"category","embeddable":true,"href":"https:\/\/www.areabesos.com\/diario\/wp-json\/wp\/v2\/categories?post=9041"},{"taxonomy":"post_tag","embeddable":true,"href":"https:\/\/www.areabesos.com\/diario\/wp-json\/wp\/v2\/tags?post=9041"}],"curies":[{"name":"wp","href":"https:\/\/api.w.org\/{rel}","templated":true}]}}