{"id":9038,"date":"2025-09-30T13:20:49","date_gmt":"2025-09-30T11:20:49","guid":{"rendered":"https:\/\/www.areabesos.com\/diario\/?p=9038"},"modified":"2025-09-30T13:20:51","modified_gmt":"2025-09-30T11:20:51","slug":"xerrada-sobre-moviment-obrer-i-canvi-politic-a-la-fi-del-franquisme-a-larxiu-municipal","status":"publish","type":"post","link":"https:\/\/www.areabesos.com\/diario\/xerrada-sobre-moviment-obrer-i-canvi-politic-a-la-fi-del-franquisme-a-larxiu-municipal\/","title":{"rendered":"Xerrada sobre moviment obrer i canvi pol\u00edtic a la fi del franquisme a l&#8217;Arxiu Municipal"},"content":{"rendered":"\n<p>Entre les d\u00e8cades de 1960 i 1970 es va consolidar el moviment obrer a Sant Adri\u00e0 de Bes\u00f2s. Tot i la repressi\u00f3 de la dictadura es pot documentar l\u2019activitat d\u2019organitzacions sindicals clandestines que lluitaven pels drets dels treballadors, sotmesos a dures condicions laborals. Coincidint amb l&#8217;exposici\u00f3 \u00ab<a href=\"https:\/\/www.sant-adria.cat\/arxiu\/apropat-a-larxiu\/larxiu-al-dia\/segur-que-tomba\">Segur que tomba<\/a>\u00ab, l&#8217;historiador Xavier Dom\u00e8nech ofereix una visi\u00f3 general dels moviments socials, els mecanismes i processos de canvi pol\u00edtic i la conformaci\u00f3 de les identitats populars als darrers anys de la dictadura.<\/p>\n\n\n\n<p>La xerrada es dur\u00e0 a terme el proper 14 d&#8217;octubre a partir de les 18.30 hores a l&#8217;Arxiu Municipal de Sant Adri\u00e0 de Bes\u00f2s Isabel Rojas Castroverde, al carrer Moss\u00e8n Josep Pons, 5. L&#8217;entrada \u00e9s lliure.<\/p>\n","protected":false},"excerpt":{"rendered":"<p>Entre les d\u00e8cades de 1960 i 1970 es va consolidar el moviment obrer a Sant Adri\u00e0 de Bes\u00f2s. Tot i la repressi\u00f3 de la dictadura es pot documentar l\u2019activitat d\u2019organitzacions sindicals clandestines que lluitaven pels drets dels treballadors, sotmesos a dures condicions laborals. Coincidint amb l&#8217;exposici\u00f3 \u00abSegur que tomba\u00ab, l&#8217;historiador Xavier Dom\u00e8nech ofereix una visi\u00f3 [&hellip;]<\/p>\n","protected":false},"author":1,"featured_media":9039,"comment_status":"closed","ping_status":"open","sticky":false,"template":"","format":"standard","meta":{"footnotes":""},"categories":[135],"tags":[],"class_list":{"0":"post-9038","1":"post","2":"type-post","3":"status-publish","4":"format-standard","5":"has-post-thumbnail","7":"category-societat"},"_links":{"self":[{"href":"https:\/\/www.areabesos.com\/diario\/wp-json\/wp\/v2\/posts\/9038","targetHints":{"allow":["GET"]}}],"collection":[{"href":"https:\/\/www.areabesos.com\/diario\/wp-json\/wp\/v2\/posts"}],"about":[{"href":"https:\/\/www.areabesos.com\/diario\/wp-json\/wp\/v2\/types\/post"}],"author":[{"embeddable":true,"href":"https:\/\/www.areabesos.com\/diario\/wp-json\/wp\/v2\/users\/1"}],"replies":[{"embeddable":true,"href":"https:\/\/www.areabesos.com\/diario\/wp-json\/wp\/v2\/comments?post=9038"}],"version-history":[{"count":1,"href":"https:\/\/www.areabesos.com\/diario\/wp-json\/wp\/v2\/posts\/9038\/revisions"}],"predecessor-version":[{"id":9040,"href":"https:\/\/www.areabesos.com\/diario\/wp-json\/wp\/v2\/posts\/9038\/revisions\/9040"}],"wp:featuredmedia":[{"embeddable":true,"href":"https:\/\/www.areabesos.com\/diario\/wp-json\/wp\/v2\/media\/9039"}],"wp:attachment":[{"href":"https:\/\/www.areabesos.com\/diario\/wp-json\/wp\/v2\/media?parent=9038"}],"wp:term":[{"taxonomy":"category","embeddable":true,"href":"https:\/\/www.areabesos.com\/diario\/wp-json\/wp\/v2\/categories?post=9038"},{"taxonomy":"post_tag","embeddable":true,"href":"https:\/\/www.areabesos.com\/diario\/wp-json\/wp\/v2\/tags?post=9038"}],"curies":[{"name":"wp","href":"https:\/\/api.w.org\/{rel}","templated":true}]}}