{"id":9030,"date":"2025-09-29T12:52:06","date_gmt":"2025-09-29T10:52:06","guid":{"rendered":"https:\/\/www.areabesos.com\/diario\/?p=9030"},"modified":"2025-09-29T12:52:43","modified_gmt":"2025-09-29T10:52:43","slug":"grup-tersa-sadhereix-a-22network-barcelona-i-a-laceversu-per-impulsar-sinergies-en-sostenibilitat-i-innovacio","status":"publish","type":"post","link":"https:\/\/www.areabesos.com\/diario\/grup-tersa-sadhereix-a-22network-barcelona-i-a-laceversu-per-impulsar-sinergies-en-sostenibilitat-i-innovacio\/","title":{"rendered":"Grup TERSA s\u2019adhereix a 22@Network Barcelona i a l\u2019ACEVERSU per impulsar sinergies en sostenibilitat i innovaci\u00f3"},"content":{"rendered":"\n<p>Grup TERSA, l\u2019empresa especialitzada en la gesti\u00f3 de serveis ambientals i que est\u00e0 participada majorit\u00e0riament per l\u2019Ajuntament de Barcelona i l\u2019\u00c0rea Metropolitana de Barcelona (AMB), ha formalitzat la seva adhesi\u00f3 a dues entitats de refer\u00e8ncia: 22@Network Barcelona i l\u2019Associaci\u00f3 Catalana d\u2019Empreses de Valoritzaci\u00f3 Energ\u00e8tica de Residus S\u00f2lids Urbans (ACEVERSU). Aquestes incorporacions s\u2019emmarquen dins l\u2019estrat\u00e8gia de la companyia p\u00fablica per consolidar aliances amb l\u2019ecosistema empresarial i institucional i refor\u00e7ar el seu comprom\u00eds amb la sostenibilitat i la innovaci\u00f3.<\/p>\n\n\n\n<p>Amb l\u2019adhesi\u00f3 a <strong>22@Network Barcelona<\/strong>, una associaci\u00f3 empresarial que aplega grans empreses, institucions, universitats, <em>startups<\/em> i centres tecnol\u00f2gics del districte 22@ de la ciutat de Barcelona, Grup TERSA pret\u00e9n refor\u00e7ar la seva pres\u00e8ncia al territori i donar visibilitat a iniciatives com <strong>Barcelona Energia<\/strong> i el <strong>projecte MES Barcelona<\/strong>, vinculades a la transici\u00f3 energ\u00e8tica de la ciutat. Aquesta alian\u00e7a tamb\u00e9 obre la porta a noves oportunitats de col\u00b7laboraci\u00f3 i connexi\u00f3 amb l\u2019ecosistema innovador de la ciutat.<\/p>\n\n\n\n<p>Paral\u00b7lelament, la incorporaci\u00f3 a l\u2019<strong>Associaci\u00f3 Catalana d\u2019Empreses de Valoritzaci\u00f3 Energ\u00e8tica de Residus S\u00f2lids Urbans (ACEVERSU)<\/strong> respon a l\u2019objectiu de refor\u00e7ar la seva activitat en la valoritzaci\u00f3 energ\u00e8tica i d\u2019establir aliances estrat\u00e8giques que fomentin l\u2019intercanvi de coneixement, la incorporaci\u00f3 de novetats tecnol\u00f2giques i l\u2019exploraci\u00f3 de solucions per avan\u00e7ar en la descarbonitzaci\u00f3 del sector. Grup TERSA gestiona la Planta de Valoritzaci\u00f3 Energ\u00e8tica (PVE) de Sant Adri\u00e0 de Bes\u00f2s, una instal\u00b7laci\u00f3 tecnol\u00f2gicament capdavantera que, al 2024, va valoritzar 319.374 tones de residus, generant 169.436 MW h d\u2019energia que es destina majorit\u00e0riament, a la venda a la xarxa el\u00e8ctrica per\u00f2 tamb\u00e9 a l\u2019autoconsum. A m\u00e9s, es van subministrar 154.589 tones de vapor a la xarxa urbana de fred i calor, que proporciona calefacci\u00f3, climatitzaci\u00f3 i aigua calenta sanit\u00e0ria a m\u00e9s de 190 edificis de les zones del F\u00f2rum i del 22@ de Barcelona.<\/p>\n\n\n\n<p>Com destaca <strong>Gemma <a>Gargallo<\/a>, Directora de Desenvolupament Corporatiu i Sostenibilitat del Grup TERSA<\/strong>, \u201caquestes aliances ens permetran establir sinergies estrat\u00e8giques amb altres actors del sector, fet que ens ajudar\u00e0 a fer front als reptes de present i de futur i compartir coneixements per tal de continuar millorant els nostres processos\u201d. A la vegada, destaca Gargallo, \u201cens dona l\u2019oportunitat de participar activament en iniciatives col\u00b7lectives, impulsar la innovaci\u00f3 i avan\u00e7ar cap a un model de gesti\u00f3 m\u00e9s eficient, i alineat amb els objectius de sostenibilitat i economia circular.\u201d<\/p>\n\n\n\n<p>Amb la seva incorporaci\u00f3 a l\u2019ACEVERSU i a 22@Network Barcelona, Grup TERSA refor\u00e7a la seva estrat\u00e8gia de col\u00b7laboraci\u00f3 amb entitats clau dels \u00e0mbits ambiental, tecnol\u00f2gic i empresarial. Aquesta aposta pel treball en xarxa complementa altres aliances actives del Grup, com la seva vinculaci\u00f3 amb l\u2019<strong>AEVERSU<\/strong>, associaci\u00f3 que \u2014en el marc del primer congr\u00e9s estatal de valoritzaci\u00f3 energ\u00e8tica celebrat a Espanya\u2014 va impulsar el <em>Manifest per la Valoritzaci\u00f3 Energ\u00e8tica en l\u2019Economia Circular<\/em>, destacant aquesta activitat com un pilar fonamental en la gesti\u00f3 de residus a Espanya.<\/p>\n\n\n\n<p>A m\u00e9s, Grup TERSA forma part d\u2019altres agrupacions com el <strong>Cl\u00faster de Residus de Catalunya<\/strong>, el <strong>Cl\u00faster de Bioenergia de Catalunya<\/strong>, <strong>el Cl\u00faster de l\u2019Energia Eficient de Catalunya (CEEC),<\/strong> <strong>l\u2019UNEF<\/strong> (la Uni\u00f3 Espa\u00f1ola Fotovoltaica), i <strong>Innobaix, <\/strong>entre d\u2019altres. Aquest ecosistema de col\u00b7laboracions permet a Grup TERSA impulsar la innovaci\u00f3, compartir bones pr\u00e0ctiques i desenvolupar solucions sostenibles i eficients per a la valoritzaci\u00f3 dels residus i la generaci\u00f3 d\u2019energia renovable, sempre amb una clara vocaci\u00f3 de servei p\u00fablic i comprom\u00eds amb la transici\u00f3 energ\u00e8tica, l\u2019economia circular i la millora cont\u00ednua dels serveis que ofereix.<\/p>\n\n\n\n<p><\/p>\n","protected":false},"excerpt":{"rendered":"<p>Grup TERSA, l\u2019empresa especialitzada en la gesti\u00f3 de serveis ambientals i que est\u00e0 participada majorit\u00e0riament per l\u2019Ajuntament de Barcelona i l\u2019\u00c0rea Metropolitana de Barcelona (AMB), ha formalitzat la seva adhesi\u00f3 a dues entitats de refer\u00e8ncia: 22@Network Barcelona i l\u2019Associaci\u00f3 Catalana d\u2019Empreses de Valoritzaci\u00f3 Energ\u00e8tica de Residus S\u00f2lids Urbans (ACEVERSU). Aquestes incorporacions s\u2019emmarquen dins l\u2019estrat\u00e8gia de [&hellip;]<\/p>\n","protected":false},"author":2,"featured_media":9031,"comment_status":"closed","ping_status":"open","sticky":false,"template":"","format":"standard","meta":{"footnotes":""},"categories":[134],"tags":[],"class_list":{"0":"post-9030","1":"post","2":"type-post","3":"status-publish","4":"format-standard","5":"has-post-thumbnail","7":"category-actualitat"},"_links":{"self":[{"href":"https:\/\/www.areabesos.com\/diario\/wp-json\/wp\/v2\/posts\/9030","targetHints":{"allow":["GET"]}}],"collection":[{"href":"https:\/\/www.areabesos.com\/diario\/wp-json\/wp\/v2\/posts"}],"about":[{"href":"https:\/\/www.areabesos.com\/diario\/wp-json\/wp\/v2\/types\/post"}],"author":[{"embeddable":true,"href":"https:\/\/www.areabesos.com\/diario\/wp-json\/wp\/v2\/users\/2"}],"replies":[{"embeddable":true,"href":"https:\/\/www.areabesos.com\/diario\/wp-json\/wp\/v2\/comments?post=9030"}],"version-history":[{"count":2,"href":"https:\/\/www.areabesos.com\/diario\/wp-json\/wp\/v2\/posts\/9030\/revisions"}],"predecessor-version":[{"id":9034,"href":"https:\/\/www.areabesos.com\/diario\/wp-json\/wp\/v2\/posts\/9030\/revisions\/9034"}],"wp:featuredmedia":[{"embeddable":true,"href":"https:\/\/www.areabesos.com\/diario\/wp-json\/wp\/v2\/media\/9031"}],"wp:attachment":[{"href":"https:\/\/www.areabesos.com\/diario\/wp-json\/wp\/v2\/media?parent=9030"}],"wp:term":[{"taxonomy":"category","embeddable":true,"href":"https:\/\/www.areabesos.com\/diario\/wp-json\/wp\/v2\/categories?post=9030"},{"taxonomy":"post_tag","embeddable":true,"href":"https:\/\/www.areabesos.com\/diario\/wp-json\/wp\/v2\/tags?post=9030"}],"curies":[{"name":"wp","href":"https:\/\/api.w.org\/{rel}","templated":true}]}}