{"id":8948,"date":"2025-09-25T08:25:00","date_gmt":"2025-09-25T06:25:00","guid":{"rendered":"https:\/\/www.areabesos.com\/diario\/?p=8948"},"modified":"2025-09-24T12:29:50","modified_gmt":"2025-09-24T10:29:50","slug":"nova-edicio-del-hop-sant-adria-un-festival-que-porta-circ-dansa-i-cultura-urbana-als-carrers-de-la-ciutat","status":"publish","type":"post","link":"https:\/\/www.areabesos.com\/diario\/nova-edicio-del-hop-sant-adria-un-festival-que-porta-circ-dansa-i-cultura-urbana-als-carrers-de-la-ciutat\/","title":{"rendered":"Nova edici\u00f3 del HOP Sant Adri\u00e0, un festival que porta circ, dansa i cultura urbana als carrers de la ciutat"},"content":{"rendered":"\n<p>Del&nbsp;<strong>3 al 5 d\u2019octubre&nbsp;de&nbsp;2025<\/strong>, arriba una nova edici\u00f3 del&nbsp;<strong>HOP Sant Adri\u00e0<\/strong>, una programaci\u00f3 plena d\u2019<strong>espectacles i activitats&nbsp;de&nbsp;circ, dansa urbana, art mural, m\u00fasica i cultura urbana<\/strong>. El festival, impulsat per l\u2019<strong>Ajuntament&nbsp;de&nbsp;Sant Adri\u00e0&nbsp;de&nbsp;Bes\u00f2s<\/strong>&nbsp;i l\u2019<strong>associaci\u00f3 El Generador<\/strong>, proposa una trobada oberta a tothom, amb propostes pensades per a p\u00fablic familiar i juvenil.<\/p>\n\n\n\n<p>Durant tres dies,&nbsp;<strong>places, carrers i espais urbans<\/strong>&nbsp;del municipi es transformaran en escenaris&nbsp;de&nbsp;creaci\u00f3 art\u00edstica, amb companyies consolidades i emergents, tallers participatius i experi\u00e8ncies col\u00b7lectives que conviden a viure la ciutat d\u2019una manera diferent.<\/p>\n\n\n\n<h3 class=\"wp-block-heading\"><strong>PROGRAMA DESTACAT<\/strong><\/h3>\n\n\n\n<p>\ud83d\udccd&nbsp;<strong>Divendres 3 d\u2019octubre \u2013 18h \u2013 Pla\u00e7a&nbsp;de&nbsp;la Vila<\/strong><br><strong>Circ i dansa a la Vila<\/strong>&nbsp;amb:<\/p>\n\n\n\n<ul class=\"wp-block-list\">\n<li><em>\u201cThe Flamingo\u2019s\u201d<\/em>\u00a0de\u00a0<strong>Los Herrerita<\/strong>\u00a0(circ humor\u00edstic i malabars)<\/li>\n\n\n\n<li><em>\u201cHist\u00f2ria d\u2019un salt\u201d<\/em>\u00a0de\u00a0<strong>The Concept<\/strong>\u00a0(dansa urbana i contempor\u00e0nia sobre la migraci\u00f3)<\/li>\n\n\n\n<li>Conducci\u00f3 a c\u00e0rrec\u00a0de\u00a0<strong>Jordi Montaner<\/strong><\/li>\n<\/ul>\n\n\n\n<p>\ud83d\udccd&nbsp;<strong>Dissabte 4 d\u2019octubre \u2013 d\u201911h a 18.30h \u2013 T\u00fanel c\/ Ol\u00edmpic amb E. Maristany<\/strong><br><strong>Zona Grafit: Natura i Color<\/strong><\/p>\n\n\n\n<ul class=\"wp-block-list\">\n<li>IX\u00a0<strong>Jam d\u2019art mural<\/strong>\u00a0amb tem\u00e0tica\u00a0de\u00a0natura.<\/li>\n\n\n\n<li>Coordinaci\u00f3\u00a0de\u00a0<strong>Zosen &amp; Hop<\/strong>.<\/li>\n\n\n\n<li>D\u2019entre les obres creades, es seleccionaran dos artistes per a futurs murals a la ciutat.<\/li>\n<\/ul>\n\n\n\n<p>\ud83d\udccd&nbsp;<strong>Dissabte 4 d\u2019octubre \u2013 17.30h a 20h \u2013 Pla\u00e7a&nbsp;de&nbsp;la Vila<\/strong><br><strong>Circ i dansa a la Vila<\/strong><br>Amb actuacions&nbsp;de&nbsp;<strong>SamBa-So i Escola&nbsp;de&nbsp;Dansa Musique<\/strong>,&nbsp;<strong>RosArai Circ<\/strong>,&nbsp;<strong>Professor Karoli<\/strong>,&nbsp;<strong>Cia Los Abajo Firmantes<\/strong>,&nbsp;<strong>Colectivo Musique Dansa<\/strong>, entre d\u2019altres.<br>Espai experimental amb&nbsp;<strong>taller&nbsp;de&nbsp;collage familiar<\/strong>,&nbsp;<strong>tattoo temporal<\/strong>&nbsp;i noves propostes creatives.<\/p>\n\n\n\n<p>\ud83d\udccd&nbsp;<strong>Diumenge 5 d\u2019octubre \u2013 12h \u2013 inici Pl. Guillermo Vida\u00f1a<\/strong><br><strong>Visita guiada als murals AdriArt<\/strong><br>Recorregut amb els comentaris&nbsp;de&nbsp;<strong>Zosen, Juanki i la m\u00fasica beatbox&nbsp;de&nbsp;Mario Fern\u00e1ndez<\/strong>.<\/p>\n\n\n\n<p>\ud83d\udccd&nbsp;<strong>Diumenge 5 d\u2019octubre \u2013 17.30h a 20h \u2013 Pla\u00e7a&nbsp;de&nbsp;la Vila<\/strong><br><strong>Circ a la Vila<\/strong><br>Amb espectacles&nbsp;de&nbsp;<strong>Suricata Circus<\/strong>&nbsp;(<em>\u201cD\u00fao Sacanagem\u201d<\/em>) i&nbsp;<strong>Circ P\u00e0nic<\/strong>&nbsp;(<em>\u201cEl somni d\u2019un pardal\u201d<\/em>).<br>Espai experimental amb tallers i exhibicions&nbsp;de&nbsp;<strong>tattoo temporal<\/strong>,&nbsp;<strong>DapoStar<\/strong>&nbsp;i&nbsp;<strong>collage familiar<\/strong>.<br>Presentaci\u00f3 a c\u00e0rrec&nbsp;de&nbsp;<strong>Montserrat Escopinya<\/strong>.<\/p>\n\n\n\n<p>El HOP Sant Adri\u00e0 consolida la seva aposta per portar la cultura al carrer, generar espais&nbsp;de&nbsp;conviv\u00e8ncia art\u00edstica i fer part\u00edcip tota la comunitat. A m\u00e9s&nbsp;de&nbsp;les actuacions, els tallers i la jam mural conviden el p\u00fablic a experimentar i viure l\u2019art en primera persona.<\/p>\n\n\n\n<p>El festival forma part del&nbsp;<strong>HOP Festival 2025<\/strong>&nbsp;i&nbsp;de&nbsp;la programaci\u00f3 cultural&nbsp;de&nbsp;Sant Adri\u00e0&nbsp;de&nbsp;Bes\u00f2s, consolidant-se com un espai&nbsp;de&nbsp;refer\u00e8ncia&nbsp;de&nbsp;la cultura urbana i el circ contemporani.<\/p>\n\n\n\n<figure class=\"wp-block-embed is-type-video is-provider-youtube wp-block-embed-youtube wp-embed-aspect-16-9 wp-has-aspect-ratio\"><div class=\"wp-block-embed__wrapper\">\n<div class=\"youtube-embed\" data-video_id=\"fRFtfGNcluE\"><iframe loading=\"lazy\" title=\"VIDEO PROMO HOP SANT ADRI\u00c0 2025\" width=\"696\" height=\"392\" src=\"https:\/\/www.youtube.com\/embed\/fRFtfGNcluE?feature=oembed&#038;enablejsapi=1\" frameborder=\"0\" allow=\"accelerometer; autoplay; clipboard-write; encrypted-media; gyroscope; picture-in-picture; web-share\" referrerpolicy=\"strict-origin-when-cross-origin\" allowfullscreen><\/iframe><\/div>\n<\/div><\/figure>\n\n\n\n<p><\/p>\n","protected":false},"excerpt":{"rendered":"<p>Del&nbsp;3 al 5 d\u2019octubre&nbsp;de&nbsp;2025, arriba una nova edici\u00f3 del&nbsp;HOP Sant Adri\u00e0, una programaci\u00f3 plena d\u2019espectacles i activitats&nbsp;de&nbsp;circ, dansa urbana, art mural, m\u00fasica i cultura urbana. El festival, impulsat per l\u2019Ajuntament&nbsp;de&nbsp;Sant Adri\u00e0&nbsp;de&nbsp;Bes\u00f2s&nbsp;i l\u2019associaci\u00f3 El Generador, proposa una trobada oberta a tothom, amb propostes pensades per a p\u00fablic familiar i juvenil. Durant tres dies,&nbsp;places, carrers i espais [&hellip;]<\/p>\n","protected":false},"author":2,"featured_media":8949,"comment_status":"closed","ping_status":"open","sticky":false,"template":"","format":"standard","meta":{"footnotes":""},"categories":[136],"tags":[],"class_list":{"0":"post-8948","1":"post","2":"type-post","3":"status-publish","4":"format-standard","5":"has-post-thumbnail","7":"category-cultura"},"_links":{"self":[{"href":"https:\/\/www.areabesos.com\/diario\/wp-json\/wp\/v2\/posts\/8948","targetHints":{"allow":["GET"]}}],"collection":[{"href":"https:\/\/www.areabesos.com\/diario\/wp-json\/wp\/v2\/posts"}],"about":[{"href":"https:\/\/www.areabesos.com\/diario\/wp-json\/wp\/v2\/types\/post"}],"author":[{"embeddable":true,"href":"https:\/\/www.areabesos.com\/diario\/wp-json\/wp\/v2\/users\/2"}],"replies":[{"embeddable":true,"href":"https:\/\/www.areabesos.com\/diario\/wp-json\/wp\/v2\/comments?post=8948"}],"version-history":[{"count":1,"href":"https:\/\/www.areabesos.com\/diario\/wp-json\/wp\/v2\/posts\/8948\/revisions"}],"predecessor-version":[{"id":8950,"href":"https:\/\/www.areabesos.com\/diario\/wp-json\/wp\/v2\/posts\/8948\/revisions\/8950"}],"wp:featuredmedia":[{"embeddable":true,"href":"https:\/\/www.areabesos.com\/diario\/wp-json\/wp\/v2\/media\/8949"}],"wp:attachment":[{"href":"https:\/\/www.areabesos.com\/diario\/wp-json\/wp\/v2\/media?parent=8948"}],"wp:term":[{"taxonomy":"category","embeddable":true,"href":"https:\/\/www.areabesos.com\/diario\/wp-json\/wp\/v2\/categories?post=8948"},{"taxonomy":"post_tag","embeddable":true,"href":"https:\/\/www.areabesos.com\/diario\/wp-json\/wp\/v2\/tags?post=8948"}],"curies":[{"name":"wp","href":"https:\/\/api.w.org\/{rel}","templated":true}]}}