{"id":8945,"date":"2025-09-24T12:24:33","date_gmt":"2025-09-24T10:24:33","guid":{"rendered":"https:\/\/www.areabesos.com\/diario\/?p=8945"},"modified":"2025-09-24T12:24:33","modified_gmt":"2025-09-24T10:24:33","slug":"dema-es-presenta-el-mural-aus-del-nostre-entorn-al-barri-de-la-mina","status":"publish","type":"post","link":"https:\/\/www.areabesos.com\/diario\/dema-es-presenta-el-mural-aus-del-nostre-entorn-al-barri-de-la-mina\/","title":{"rendered":"Dem\u00e0 es presenta el mural \u00abAus del nostre entorn\u00bb al barri de La Mina"},"content":{"rendered":"\n<p>Dem\u00e0 dijous, 25 de setembre, a partir de les 18 hores, davant el Casal dels Infants de La Mina, es dur\u00e0 a terme la inauguraci\u00f3 del mural \u00abAus del nostre entorn\u00bb, creat per l\u2019artista Irene L\u00f3pez Le\u00f3n amb la col\u00b7laboraci\u00f3 dels ceramistes TXT ARTE, Jos\u00e9 Lu\u00eds Montero i Manuel Fern\u00e1ndez Cort\u00e9s, i que va comptar amb la participaci\u00f3 de m\u00e9s de 500 infants, joves i ve\u00efns i ve\u00efnes de La Mina, aix\u00ed com el suport de les entitats del PEB Mina. Durant la presentaci\u00f3 es podr\u00e0 gaudir de l&#8217;espectacle de circ \u00abMem\u00f2ria de peix\u00bb, de la companyia Gast\u00f3n S\u00e1nchez &amp; Tom\u00e1s Taboada, un viatge on l\u2019ordre i el desordre conviuen amb tendresa i comicitat.<\/p>\n\n\n\n<p>\u201cAus del nostre entorn\u201d \u00e9s un mural comunitari de gran format dins el projecte Una Mina de Color. Es crea amb t\u00e8cniques de trencad\u00eds, cer\u00e0mica i muralisme, com a resposta a la necessitat de conscienciar sobre l\u2019ecologia i el medi ambient. L\u2019obra destaca la biodiversitat del barri, connectant-la amb la riquesa natural del riu Bes\u00f2s i del mar proper.<br>El projecte parteix d\u2019un enfocament participatiu que implica especialment infants i joves de La Mina, fomentant el sentiment de pertinen\u00e7a i la responsabilitat compartida envers l\u2019entorn. El mural, situat en una de les fa\u00e7anes exteriors de l\u2019Institut Escola La Mina, representa la riquesa d\u2019aus de la zona i esdev\u00e9 un recurs educatiu i art\u00edstic per a tota la comunitat.<br>A m\u00e9s de visibilitzar l\u2019avifauna local, l\u2019acci\u00f3 desperta l\u2019inter\u00e8s dels ve\u00efns i ve\u00efnes i promou la cohesi\u00f3 social. La transformaci\u00f3 de la fa\u00e7ana en un espai ple d\u2019art i color genera un impacte visual immediat i transmet un canvi positiu al barri.<\/p>\n\n\n\n<p>L\u2019artista Irene L\u00f3pez Le\u00f3n, pintora i muralista, \u00e9s coneguda per obres que combinen figuratiu i abstracte dins d&#8217;un joc vibrant de color. Les seves pintures pretenen reinventar els elements m\u00e9s cl\u00e0ssics mitjan\u00e7ant una perspectiva contempor\u00e0nia, cosa que dona lloc a la fusi\u00f3 entre el fet tradicional i la cosa moderna.La seva habilitat per portar el seu art des dels carrers fins a les galeries, han proporcionat a Irene, la participaci\u00f3 activa en festivals d&#8217;art urb\u00e0 i exposicions a diferents parts del m\u00f3n, consolidant aix\u00ed la seva carrera al m\u00f3n de l&#8217;art. https:\/\/irenelopezleon.com\/<br>TxtArte, un col\u00b7lectiu d&#8217;artistes dedicat a portar l&#8217;art dels mosaics a diversos espais. Ofereixen solucions creatives per a decoraci\u00f3 art\u00edstica a museus, zool\u00f2gics, aquaris, i espais comercials i residencials, personalitzant cada projecte. El seu enfocament es basa en la bellesa com a resultat de la veritat, creant peces \u00faniques i funcionals que enriqueixen l\u2019entorn.<br>Jose Luis Montero, Artista polifac\u00e8tic, ha destacat com a pintor amb nombroses exposicions, escultor d&#8217;obres p\u00fabliques, creador de murals en cer\u00e0mica i mosaic a Sant Adri\u00e0 de Bes\u00f2s. A m\u00e9s de ser professor de cer\u00e0mica a diferents espais d&#8217;art.<br>Manuel Fern\u00e1ndez Cort\u00e9s, Artista polifac\u00e8tic i autodidacta amb una traject\u00f2ria vinculada a la cer\u00e0mica, la joieria i la microfusi\u00f3. Es va iniciar als anys setanta a l\u2019Escola d\u2019Artesans amb Toni Morey Ardanuy, i als vuitanta va ser reconegut pel Ministeri de Treball com a expert docent en cer\u00e0mica creativa. Va impartir classes durant una d\u00e8cada i als anys noranta va ser professor a l\u2019Escola Taller de l\u2019Ajuntament de Sant Adri\u00e0 de Bes\u00f2s.<\/p>\n\n\n\n<p>Al mural estan representades aus com el corb mar\u00ed gros, el bernat pescador o el blauet. El projecte es desenvolupa amb la participaci\u00f3 activa de diferents ve\u00efns i ve\u00efnes, fam\u00edlies, l\u2019ornit\u00f2leg Xavier Larruy, David Cano (Blauverd), Irene Regidor (Bi\u00f2loga), Aula Ambiental SAB, col\u00b7lectius i entitats locals vinculades al Projecte Educatiu de Barri (PEB) La Mina, del que formem part, entre les quals es troben: Institut Escola La Mina, Espai Jove La Mina, Educadors de carrer, Centre Cultural Gitano La Mina, Casal Infantil La Mina, Casal dels Infants, PES La Mina, Escola d\u2019Oportunitats, UEC Sant Adri\u00e0 La Capsa dels jocs, Fem Familia, i Associaci\u00f3 de comerciants del barri, AAVV La Mina, Plataforma entitats La Mina, Espai Cultural Font de La Mina, les brigades del Consorci i Ajuntament, El Consorci del barri La Mina, Ajuntament de Sant Adri\u00e0.<\/p>\n\n\n\n<p> <\/p>\n","protected":false},"excerpt":{"rendered":"<p>Dem\u00e0 dijous, 25 de setembre, a partir de les 18 hores, davant el Casal dels Infants de La Mina, es dur\u00e0 a terme la inauguraci\u00f3 del mural \u00abAus del nostre entorn\u00bb, creat per l\u2019artista Irene L\u00f3pez Le\u00f3n amb la col\u00b7laboraci\u00f3 dels ceramistes TXT ARTE, Jos\u00e9 Lu\u00eds Montero i Manuel Fern\u00e1ndez Cort\u00e9s, i que va comptar [&hellip;]<\/p>\n","protected":false},"author":2,"featured_media":8946,"comment_status":"closed","ping_status":"open","sticky":false,"template":"","format":"standard","meta":{"footnotes":""},"categories":[136],"tags":[],"class_list":{"0":"post-8945","1":"post","2":"type-post","3":"status-publish","4":"format-standard","5":"has-post-thumbnail","7":"category-cultura"},"_links":{"self":[{"href":"https:\/\/www.areabesos.com\/diario\/wp-json\/wp\/v2\/posts\/8945","targetHints":{"allow":["GET"]}}],"collection":[{"href":"https:\/\/www.areabesos.com\/diario\/wp-json\/wp\/v2\/posts"}],"about":[{"href":"https:\/\/www.areabesos.com\/diario\/wp-json\/wp\/v2\/types\/post"}],"author":[{"embeddable":true,"href":"https:\/\/www.areabesos.com\/diario\/wp-json\/wp\/v2\/users\/2"}],"replies":[{"embeddable":true,"href":"https:\/\/www.areabesos.com\/diario\/wp-json\/wp\/v2\/comments?post=8945"}],"version-history":[{"count":1,"href":"https:\/\/www.areabesos.com\/diario\/wp-json\/wp\/v2\/posts\/8945\/revisions"}],"predecessor-version":[{"id":8947,"href":"https:\/\/www.areabesos.com\/diario\/wp-json\/wp\/v2\/posts\/8945\/revisions\/8947"}],"wp:featuredmedia":[{"embeddable":true,"href":"https:\/\/www.areabesos.com\/diario\/wp-json\/wp\/v2\/media\/8946"}],"wp:attachment":[{"href":"https:\/\/www.areabesos.com\/diario\/wp-json\/wp\/v2\/media?parent=8945"}],"wp:term":[{"taxonomy":"category","embeddable":true,"href":"https:\/\/www.areabesos.com\/diario\/wp-json\/wp\/v2\/categories?post=8945"},{"taxonomy":"post_tag","embeddable":true,"href":"https:\/\/www.areabesos.com\/diario\/wp-json\/wp\/v2\/tags?post=8945"}],"curies":[{"name":"wp","href":"https:\/\/api.w.org\/{rel}","templated":true}]}}