{"id":8935,"date":"2025-09-22T10:13:04","date_gmt":"2025-09-22T08:13:04","guid":{"rendered":"https:\/\/www.areabesos.com\/diario\/?p=8935"},"modified":"2025-09-23T10:17:06","modified_gmt":"2025-09-23T08:17:06","slug":"la-regio-barcelona-metropolitana-nord-inicia-la-vacunacio-contra-la-grip-i-la-covid-19-a-residencies-majors-de-80-anys-embarassades-personal-sanitari-i-infants","status":"publish","type":"post","link":"https:\/\/www.areabesos.com\/diario\/la-regio-barcelona-metropolitana-nord-inicia-la-vacunacio-contra-la-grip-i-la-covid-19-a-residencies-majors-de-80-anys-embarassades-personal-sanitari-i-infants\/","title":{"rendered":"La Regi\u00f3 Barcelona Metropolitana Nord inicia la vacunaci\u00f3 contra la grip i la COVID-19 a resid\u00e8ncies, majors de 80 anys, embarassades, personal sanitari i infants"},"content":{"rendered":"\n<p>Avui, el Departament de Salut ha donat inici, un any m\u00e9s, a la campanya de vacunaci\u00f3 de tardor, que inclou la <strong>vacunaci\u00f3 contra la grip i la COVID-19<\/strong>. L\u2019objectiu principal \u00e9s <strong>protegir les persones m\u00e9s vulnerables<\/strong> davant les complicacions que poden derivar-se d\u2019ambdues infeccions.<\/p>\n\n\n\n<p>A la Regi\u00f3 Sanit\u00e0ria Barcelona Metropolitana Nord est\u00e0 previst distribuir <strong>403.500 dosis<\/strong> de vacunes antigripals. En total, el Departament de Salut ha comprat <strong>1,6 milions de dosis de vacuna contra la grip<\/strong>, amb un import de <strong>14 milions d\u2019euros<\/strong>. I d\u2019altra banda, es distribuiran les dosis que siguin necess\u00e0ries contra la COVID-19 pels col\u00b7lectius recomanats.<\/p>\n\n\n\n<p>Candela Calle, gerenta de la Regi\u00f3 Sanit\u00e0ria Barcelona Metropolitana Nord, fa una crida a vacunar-se, com acte de protecci\u00f3 personal i de responsabilitat amb la comunitat. \u201c<strong>\u00c9s important vacunar-se cada any perqu\u00e8 el virus de la grip pateix mutacions i s\u2019adapten les vacunes cada temporada per fer-hi front<\/strong>&nbsp; \u2013explica-<strong> I el millor moment per vacunar-se \u00e9s ara, a l\u2019inici de la tardor i quan encara no ha arribat l\u2019hivern<\/strong>\u201d.<\/p>\n\n\n\n<p>D\u2019altra banda, la gerenta Calle recorda que la<a><\/a> vacunaci\u00f3 contra la grip i la COVID-19 \u00e9s la millor mesura preventiva per a evitar les complicacions d\u2019ambdues malalties i posa en valor els esfor\u00e7os que fan els professionals de la Regi\u00f3 en aquests mesos per assegurar el m\u00e0xim de cobertura vacunal al territori.<\/p>\n\n\n\n<p>La campanya de vacunaci\u00f3 contra la grip i la COVID-19 es desplegar\u00e0 en <strong>dues fases<\/strong>:<\/p>\n\n\n\n<p><strong>La primera, que s\u2019inicia avui, 22 de setembre,<\/strong> s\u2019adre\u00e7a a les a <strong>persones que viuen en resid\u00e8ncies, persones a partir de 80 anys i embarassades<\/strong>. A m\u00e9s, aquest any, com a novetat, s\u2019avan\u00e7a la vacunaci\u00f3 al <strong>personal sanitari i als infants de 6 a 59 mesos,<\/strong> que \u00fanicament es vacunaran contra la grip. Tamb\u00e9 es prioritzar\u00e0 la vacunaci\u00f3 de les <strong>persones que reben atenci\u00f3 domicili\u00e0ria<\/strong>. Es preveu que aquesta primera fase de la campanya s\u2019allargui aproximadament unes tres setmanes.<\/p>\n\n\n\n<p><strong>La segona fase de la campanya comen\u00e7ar\u00e0 el 13 d\u2019octubre<\/strong>, dia en qu\u00e8 s\u2019obrir\u00e0 la vacunaci\u00f3 a la resta de col\u00b7lectius indicats: <strong>persones a partir de 60 anys, persones menors d\u2019aquesta edat amb condicions de risc, persones residents en centres d\u2019atenci\u00f3 a la discapacitat<\/strong>, aix\u00ed com <strong>docents i el personal de serveis essencials<\/strong>, entre d\u2019altres.<\/p>\n\n\n\n<p>Com a novetat d\u2019aquesta campanya, s\u2019avan\u00e7a l\u2019inici de la vacunaci\u00f3 als <strong>infants d\u2019entre 6 i 59 mesos<\/strong>. Cal remarcar que aproximadament, <strong>un ter\u00e7 dels contagis es donenen infants menors de 4 anys, <\/strong>que a l\u2019hora poden contagiar familiars (mares, pares, avis i \u00e0vies), personal docent o altres persones cuidadores. Per aix\u00f2, i per prevenir complicacions associades a la malaltia, els infants s\u00f3n un col\u00b7lectiu especialment prioritari en la campanya.<\/p>\n\n\n\n<p>Durant la temporada anterior la cobertura vacunal de la grip en infants de 6 a 59 mesos va augmentar del 28,2% al 35,8%, \u00e9s a dir, un increment d\u2019un 27% en termes relatius. Per als infants a partir dels 2 anys, es disposar\u00e0 de vacuna d\u2019administraci\u00f3 intranasal.<\/p>\n\n\n\n<p>Un altre dels col\u00b7lectius, pels quals avui comen\u00e7a la campanya, s\u00f3n les <strong>embarassades<\/strong>. Cal incidir en qu\u00e8 la vacuna contra la grip i COVID-19 est\u00e0 recomanada en qualsevol trimestre de l\u2019embar\u00e0s. Vacunar-se redueix les possibles complicacions (com el part prematur o ces\u00e0ria) i protegeix tant l\u2019embarassada, com el nad\u00f3 durant els primers mesos de vida.<\/p>\n\n\n\n<p>La vacunaci\u00f3 contra la grip es recomana tamb\u00e9 a tot el <strong>personal de centres, serveis i establiments sanitaris<\/strong>. Vacunar-se \u00e9s clau per prevenir la malaltia i les seves possibles complicacions, en ells mateixos i tamb\u00e9 per a reduir la probabilitat de transmetre el virus al seu entorn i als pacients que atenen, especialment els m\u00e9s vulnerables i amb m\u00e9s risc de complicacions, d\u2019hospitalitzaci\u00f3 o de mort.<\/p>\n\n\n\n<p><strong>Avan\u00e7ar-se als virus respiratoris<\/strong><\/p>\n\n\n\n<p>El principal objectiu \u00e9s protegir la poblaci\u00f3 m\u00e9s vulnerable davant dels virus respiratoris, que augmenten la seva circulaci\u00f3 durant la tardor i l\u2019hivern. Per aix\u00f2, es fa una crida a vacunar-se abans de l\u2019inici\u00ef del per\u00edode de m\u00e0xima incid\u00e8ncia, previst al mes de desembre per evitar complicacions greus.<\/p>\n\n\n\n<p>En aquesta campanya, a Catalunya s\u2019utilitzaran vacunes&nbsp;contra la grip trivalents seguint les indicacions de l&#8217;Organitzaci\u00f3 Mundial de la Salut (OMS). Per la COVID-19, s\u2019utilitzaran vacunes monovalents adaptades per fer front a la variant LP8.1.<\/p>\n\n\n\n<p><strong>Cita per vacunar-se<\/strong> Per tal de demanar dia i hora per a les vacunes cal sol\u00b7licitar-ho a trav\u00e9s de <strong>La Meva Salut<\/strong>, preferentment, a l\u2019apartat de \u2018Cites\u2019, clicant a \u2018Cites i consultes d&#8217;atenci\u00f3 prim\u00e0ria\u2019 i triant l\u2019opci\u00f3 \u2018Vacunaci\u00f3\u2019. La cita pr\u00e8via tamb\u00e9 es pot demanar al web de programaci\u00f3&nbsp;<a href=\"https:\/\/citasalut.gencat.cat\/\" target=\"_blank\" rel=\"noreferrer noopener\"><strong>citasalut.gencat.cat<\/strong><\/a> o b\u00e9 posant-se en contacte directament al centre d\u2019atenci\u00f3 prim\u00e0ria (CAP) de refer\u00e8ncia.<\/p>\n","protected":false},"excerpt":{"rendered":"<p>Avui, el Departament de Salut ha donat inici, un any m\u00e9s, a la campanya de vacunaci\u00f3 de tardor, que inclou la vacunaci\u00f3 contra la grip i la COVID-19. L\u2019objectiu principal \u00e9s protegir les persones m\u00e9s vulnerables davant les complicacions que poden derivar-se d\u2019ambdues infeccions. A la Regi\u00f3 Sanit\u00e0ria Barcelona Metropolitana Nord est\u00e0 previst distribuir 403.500 [&hellip;]<\/p>\n","protected":false},"author":2,"featured_media":8936,"comment_status":"closed","ping_status":"open","sticky":false,"template":"","format":"standard","meta":{"footnotes":""},"categories":[134],"tags":[],"class_list":{"0":"post-8935","1":"post","2":"type-post","3":"status-publish","4":"format-standard","5":"has-post-thumbnail","7":"category-actualitat"},"_links":{"self":[{"href":"https:\/\/www.areabesos.com\/diario\/wp-json\/wp\/v2\/posts\/8935","targetHints":{"allow":["GET"]}}],"collection":[{"href":"https:\/\/www.areabesos.com\/diario\/wp-json\/wp\/v2\/posts"}],"about":[{"href":"https:\/\/www.areabesos.com\/diario\/wp-json\/wp\/v2\/types\/post"}],"author":[{"embeddable":true,"href":"https:\/\/www.areabesos.com\/diario\/wp-json\/wp\/v2\/users\/2"}],"replies":[{"embeddable":true,"href":"https:\/\/www.areabesos.com\/diario\/wp-json\/wp\/v2\/comments?post=8935"}],"version-history":[{"count":1,"href":"https:\/\/www.areabesos.com\/diario\/wp-json\/wp\/v2\/posts\/8935\/revisions"}],"predecessor-version":[{"id":8937,"href":"https:\/\/www.areabesos.com\/diario\/wp-json\/wp\/v2\/posts\/8935\/revisions\/8937"}],"wp:featuredmedia":[{"embeddable":true,"href":"https:\/\/www.areabesos.com\/diario\/wp-json\/wp\/v2\/media\/8936"}],"wp:attachment":[{"href":"https:\/\/www.areabesos.com\/diario\/wp-json\/wp\/v2\/media?parent=8935"}],"wp:term":[{"taxonomy":"category","embeddable":true,"href":"https:\/\/www.areabesos.com\/diario\/wp-json\/wp\/v2\/categories?post=8935"},{"taxonomy":"post_tag","embeddable":true,"href":"https:\/\/www.areabesos.com\/diario\/wp-json\/wp\/v2\/tags?post=8935"}],"curies":[{"name":"wp","href":"https:\/\/api.w.org\/{rel}","templated":true}]}}