{"id":8837,"date":"2025-08-03T13:06:25","date_gmt":"2025-08-03T11:06:25","guid":{"rendered":"https:\/\/www.areabesos.com\/diario\/?p=8837"},"modified":"2025-09-24T12:52:14","modified_gmt":"2025-09-24T10:52:14","slug":"contextualizando-a-montoro-y-un-antidoto-contra-la-corrupcion","status":"publish","type":"post","link":"https:\/\/www.areabesos.com\/diario\/contextualizando-a-montoro-y-un-antidoto-contra-la-corrupcion\/","title":{"rendered":"Contextualizando a Montoro y un ant\u00eddoto contra la corrupci\u00f3n"},"content":{"rendered":"\n<p>Todas las personas, desde las m\u00e1s corruptas hasta las incorruptibles, si es que existen, nos parecemos en algo y, por tanto, conocer las circunstancias nos permite evaluar mejor cada corrupci\u00f3n. Por eso, contextualizar es necesario y, como tenemos tendencia a convertirnos en jueces de los dem\u00e1s, no debemos olvidar que en muchos juicios se tienen en cuenta los atenuantes.<\/p>\n\n\n\n<p>Y tambi\u00e9n los agravantes, que puede que en este caso sea lo procedente.<\/p>\n\n\n\n<p>Montoro fue ministro de Hacienda con Aznar de 2000 a 2004 y durante aquella legislatura, al margen de lo que el hoy presunto pudiera ir tramando en beneficio propio de cara al futuro, millones solo ten\u00edamos ojos y o\u00eddos para aquella guerra de Irak en la que Aznar nos embarc\u00f3 y que, para nosotros, concluy\u00f3 con los atentados del 11M de 2004, cuya gran mentira sobre sus autores provoc\u00f3 la derrota electoral inesperada del PP liderado por un Rajoy que hab\u00eda sido \u201cdigitado\u201d contra el mismo Rodrigo Rato que hoy le disputa a Esperanza Aguirre el t\u00edtulo de \u201cm\u00e1s que nadie\u201d en lo de desear que Montoro acabe con sus huesos en la c\u00e1rcel.&nbsp;<\/p>\n\n\n\n<p>En 2006, cuando Montoro constituy\u00f3 Equipo Econ\u00f3mico, era evidente que ni \u00e9l ni nadie pod\u00edan imaginar la crisis econ\u00f3mica de las hipotecas subprime que se desencaden\u00f3 un a\u00f1o despu\u00e9s en USA y que origin\u00f3 la crisis mundial de 2008.<\/p>\n\n\n\n<p>En cambio, a pesar de la desastrosa legislatura que desde la oposici\u00f3n protagonizaba Rajoy (como olvidar la idiotez del boicot al Grupo PRISA en 2007, por ejemplo), el PP gobernaba en suficientes CC.AA. y grandes ciudades como para que un montaje destinado a rentabilizar contactos en instituciones p\u00fablicas tuviera \u00e9xito, y m\u00e1s si su jefe era alguien que conoc\u00eda muchos datos de corruptores, de corruptos y de corrompibles porque hab\u00eda sido ministro de Hacienda.<\/p>\n\n\n\n<p>Por eso, el Equipo Econ\u00f3mico de Montoro no solo sigui\u00f3, especialmente tras el regreso de su titular al ministerio a partir de diciembre de 2011 con Rajoy, sino que, a diferencia de los muchos negocios que se arruinaron, logr\u00f3 multiplicar el suyo durante la crisis econ\u00f3mica mundial porque segu\u00edan vivos sus principales clientes, unas empresas \u201csist\u00e9micas\u201d a las que les vend\u00eda informes a miles de euros por palabra, puntos y comas incluidos, y porque tampoco desapareci\u00f3 su \u201cproveedor\u201d principal de leyes a medida, un Congreso controlado por un PP con 186 esca\u00f1os.<\/p>\n\n\n\n<p>Esa cifra de 186 me lleva al \u201cant\u00eddoto\u201d del t\u00edtulo para gritar por una reforma urgente de la Ley Electoral destinada a que el veneno de la corrupci\u00f3n con la implicaci\u00f3n de los legislativos no tenga tan f\u00e1cil lo de proliferar.<\/p>\n\n\n\n<p>\u00a1\u00a1<strong>Para conseguir m\u00e1s del 50% de los esca\u00f1os en cualquier parlamento ser\u00e1 imprescindible que una candidatura o grupo de candidaturas haya conseguido m\u00e1s del 50% de los votos en las urnas<\/strong>\u00a1\u00a1<\/p>\n\n\n\n<p>Pido disculpas por gritar en negrita pero es evidente que resulta mucho m\u00e1s f\u00e1cil \u201cconvencer\u201d de cualquier reforma de \u201cdudosa necesidad\u201d a los diputados de un mismo partido pol\u00edtico que a los de varios, como tambi\u00e9n lo es que el 53,1% a que equival\u00edan los 186 esca\u00f1os del PP en el Congreso significaban 8,5 puntos m\u00e1s que el 44,6% de los votos que el propio PP hab\u00eda cosechado &nbsp;en aquellas elecciones o, dicho de otra forma, casi un 20% m\u00e1s del poder para legislar que el concedido por una voluntad popular que cuando se la convoca es, precisamente, para actualizar el reparto del citado poder para legislar.<\/p>\n\n\n\n<p>\u00bfQu\u00e9 le parece a usted si, como medida contra la corrupci\u00f3n, se reforma una LOREG que corrompe la voluntad popular tergivers\u00e1ndola?<\/p>\n\n\n\n<p>Regreso a lo del contexto y recuerdo que lo que me ha llevado ante el teclado son las im\u00e1genes que ahora se repiten por TV con Montoro ministro entre 2012 y 2015. Muchas veces se burlaba con total descaro de quienes lo criticaban.<\/p>\n\n\n\n<p>Son im\u00e1genes que, aunque borrosas en la memoria, recuerdo haberlas visto entonces pero no provocaban en m\u00ed, y supongo que tampoco en millones de personas, el rechazo que me provocan ahora.<\/p>\n\n\n\n<p>\u00bfQu\u00e9 nos estaba pasando?<\/p>\n\n\n\n<p>Escribo dos preguntas en Internet para averiguarlo y la IA, que est\u00e1 en fase de promoci\u00f3n para engancharnos, me ofrece dos respuestas correctas.<\/p>\n\n\n\n<p>\u201cEl desempleo alcanz\u00f3 su m\u00e1ximo hist\u00f3rico en el primer trimestre de 2013, con una tasa del 26,94%.\u201d<\/p>\n\n\n\n<p>\u201cEl a\u00f1o con el mayor n\u00famero de desahucios en Espa\u00f1a fue&nbsp;2012, con 75.375 ejecuciones hipotecarias\u201d.<\/p>\n\n\n\n<p>Como Montoro era ministro de Hacienda decido preguntar por si era o no autoritario y la misma IA me responde que \u201c\u2026la etiqueta de \u00abautoritario\u00bb se le ha aplicado por su estilo de gesti\u00f3n y algunas pol\u00edticas econ\u00f3micas implementadas durante su mandato, especialmente durante la crisis econ\u00f3mica\u201d.&nbsp;<\/p>\n\n\n\n<p>Entonces decido comparar la evoluci\u00f3n, a lo largo de seis cuatrienios, de la man\u00eda que tenemos de seguir viviendo. En este caso consulto los n\u00fameros en las estad\u00edsticas habituales y calculo yo mismo, cosa f\u00e1cil, los porcentajes que, tanto para las muertes totales como para los suicidios, corresponden en el cuadro que sigue a la variaci\u00f3n de cada periodo respecto del anterior.<\/p>\n\n\n\n<figure class=\"wp-block-table\"><table class=\"has-fixed-layout\"><tbody><tr><td><strong>Periodo<\/strong><\/td><td><strong>Muertes<\/strong><\/td><td><strong>Variaci\u00f3n<\/strong><\/td><td><strong>Suicidios<\/strong><\/td><td><strong>Variaci\u00f3n<\/strong><\/td><\/tr><tr><td>De 2000 a 2003<\/td><td>1.473.968<\/td><td>2,89%<\/td><td>13.431<\/td><td>1,97%<\/td><\/tr><tr><td>De 2004 a 2007<\/td><td>1.516.128<\/td><td>2,86%<\/td><td>13.415<\/td><td>-0,12%<\/td><\/tr><tr><td>De 2008 a 2011<\/td><td>1.541.215<\/td><td>1,65%<\/td><td>13.224<\/td><td>-1,42%<\/td><\/tr><tr><td>De 2012 a 2015<\/td><td>1.611.767<\/td><td>4,58%<\/td><td>14.921<\/td><td>12,83%<\/td><\/tr><tr><td>De 2016 a 2019<\/td><td>1.681.558<\/td><td>4,33%<\/td><td>14.458<\/td><td>-3,10%<\/td><\/tr><tr><td>De 2020 a 2023<\/td><td>1.845.061<\/td><td>9,72%<\/td><td>16.268<\/td><td>12,52%<\/td><\/tr><\/tbody><\/table><\/figure>\n\n\n\n<p>Aunque de 2020 a 2023 no tocaba hablar hoy, parece evidente que el similar incremento de suicidios respecto de la segunda legislatura de Montoro est\u00e1 directamente relacionado con el COVID, pues durante este \u00faltimo cuatrienio el desglose de las variaciones anuales fue el siguiente:<\/p>\n\n\n\n<figure class=\"wp-block-table\"><table class=\"has-fixed-layout\"><tbody><tr><td><strong>A\u00f1os comparados<\/strong><\/td><td><strong>Variaci\u00f3n<\/strong><\/td><\/tr><tr><td>2020 respecto de 2019<\/td><td>7,4%<\/td><\/tr><tr><td>2021 respecto de 2020<\/td><td>1,6%<\/td><\/tr><tr><td>2022 respecto de 2021 (1)<\/td><td>2,3%<\/td><\/tr><tr><td>2023 respecto de 2022 (1)<\/td><td>3,2%<\/td><\/tr><\/tbody><\/table><\/figure>\n\n\n\n<p>Definitivamente, en el caso Montoro (2) no son atenuantes sino agravantes, pues no hay periodos hist\u00f3ricos m\u00e1s f\u00e1ciles para gobernar que aquellos en los que las crisis desquician a los gobernados, especialmente si los gobernantes son crueles y autoritarios. Tanto es as\u00ed que incluso periodistas como Carlos Alsina, y no es el \u00fanico, solo se han atrevido a informar de las amenazas proferidas por el propio ex ministro ahora, una vez que ha ca\u00eddo en desgracia.<\/p>\n\n\n\n<p>Tampoco hay periodos m\u00e1s f\u00e1ciles para robarle el dinero a los contribuyentes y a trav\u00e9s del Estado que aquellos en los que las crisis desquician\u2026, s\u00ed, se lo ahorro, porque iba a escribir lo mismo que usted acaba de leer en el p\u00e1rrafo anterior.<\/p>\n\n\n\n<p>Da lo mismo que sean crisis econ\u00f3micas o sanitarias como las que pueden provocar escasez de mascarillas, y as\u00ed tampoco tengo que nombrar a m\u00e1s presuntos como, por ejemplo, los familiares de una tal Ayuso: lo importante para los delincuentes pol\u00edticos o con buenos contactos en la pol\u00edtica es que la gente est\u00e9 obsesionada con el problema de sobrevivir.<\/p>\n\n\n\n<p>Y si aumenta el porcentaje de personas que deciden suicidarse, mejor para los ladrones con mando en plaza, pues el desasosiego general cundir\u00e1 y ellos robar\u00e1n m\u00e1s.<\/p>\n\n\n\n<p>Y siempre les tocar\u00e1 la loter\u00eda de un juez que, con pandemia o sin ella, sentenciar\u00e1 que aprovechar las ocasiones es la primera regla de este juego.<\/p>\n\n\n\n<p>Por eso, y perdone que insista, contra la corrupci\u00f3n m\u00e1s vale prevenir con leyes de cumplimiento tan inevitable como el de un recuento electoral, que con mara\u00f1as de normas que siempre contienen trampas.<\/p>\n\n\n\n<p>(1) Por si los ligeros incrementos de suicidios observados en 2022 y 2023 le hacen pensar a alguien que se trata de personas que se quitaron la vida porque no pod\u00edan soportar m\u00e1s a un tal S\u00e1nchez, tengo que decirle a ese alguien que disfruto decepcion\u00e1ndole y no solo por los supervivientes, pues en 2024 los suicidios cayeron un 2,6% aunque sigue vigente una eutanasia que sin duda anima a morir en paz para dejar de sufrir. Hay ocasiones en las que pienso que Pedro S\u00e1nchez, incluso cuando tira piedras a su propio tejado, es incapaz de marchitar la flor con la que naci\u00f3 puesta en el ano.<\/p>\n\n\n\n<p>(2) M\u00e1s pronto que tarde, y sobre todo si el juicio contra Montoro sigue adelante, aparecer\u00e1n quienes digan que \u00e9l sac\u00f3 a Espa\u00f1a de la crisis,&nbsp;tal como le&nbsp;dijo a la diputada canaria Ana Oramas para convencerla de que votara a favor de que se hundiera cuando gobernaba Zapatero. La respuesta es demasiado f\u00e1cil: \u00bfacaso siguen sumidos en aquella miseria los pa\u00edses que no tuvieron un \u00abMontoro\u00bb en su ministerio de Hacienda?<\/p>\n\n\n\n<p><span style=\"background-color:#0c0000\" class=\"td_text_highlight_marker\">Domingo Sanz<\/span><\/p>\n\n\n\n<p><\/p>\n","protected":false},"excerpt":{"rendered":"<p>Todas las personas, desde las m\u00e1s corruptas hasta las incorruptibles, si es que existen, nos parecemos en algo y, por tanto, conocer las circunstancias nos permite evaluar mejor cada corrupci\u00f3n. Por eso, contextualizar es necesario y, como tenemos tendencia a convertirnos en jueces de los dem\u00e1s, no debemos olvidar que en muchos juicios se tienen [&hellip;]<\/p>\n","protected":false},"author":2,"featured_media":8982,"comment_status":"closed","ping_status":"open","sticky":false,"template":"","format":"standard","meta":{"footnotes":""},"categories":[139],"tags":[],"class_list":{"0":"post-8837","1":"post","2":"type-post","3":"status-publish","4":"format-standard","5":"has-post-thumbnail","7":"category-opinio"},"_links":{"self":[{"href":"https:\/\/www.areabesos.com\/diario\/wp-json\/wp\/v2\/posts\/8837","targetHints":{"allow":["GET"]}}],"collection":[{"href":"https:\/\/www.areabesos.com\/diario\/wp-json\/wp\/v2\/posts"}],"about":[{"href":"https:\/\/www.areabesos.com\/diario\/wp-json\/wp\/v2\/types\/post"}],"author":[{"embeddable":true,"href":"https:\/\/www.areabesos.com\/diario\/wp-json\/wp\/v2\/users\/2"}],"replies":[{"embeddable":true,"href":"https:\/\/www.areabesos.com\/diario\/wp-json\/wp\/v2\/comments?post=8837"}],"version-history":[{"count":1,"href":"https:\/\/www.areabesos.com\/diario\/wp-json\/wp\/v2\/posts\/8837\/revisions"}],"predecessor-version":[{"id":8839,"href":"https:\/\/www.areabesos.com\/diario\/wp-json\/wp\/v2\/posts\/8837\/revisions\/8839"}],"wp:featuredmedia":[{"embeddable":true,"href":"https:\/\/www.areabesos.com\/diario\/wp-json\/wp\/v2\/media\/8982"}],"wp:attachment":[{"href":"https:\/\/www.areabesos.com\/diario\/wp-json\/wp\/v2\/media?parent=8837"}],"wp:term":[{"taxonomy":"category","embeddable":true,"href":"https:\/\/www.areabesos.com\/diario\/wp-json\/wp\/v2\/categories?post=8837"},{"taxonomy":"post_tag","embeddable":true,"href":"https:\/\/www.areabesos.com\/diario\/wp-json\/wp\/v2\/tags?post=8837"}],"curies":[{"name":"wp","href":"https:\/\/api.w.org\/{rel}","templated":true}]}}