{"id":8808,"date":"2025-07-24T10:22:23","date_gmt":"2025-07-24T08:22:23","guid":{"rendered":"https:\/\/www.areabesos.com\/diario\/?p=8808"},"modified":"2025-09-24T12:56:01","modified_gmt":"2025-09-24T10:56:01","slug":"suspensio-temporal-de-noves-llicencies-per-a-bars-i-restaurants-a-lambit-ze1","status":"publish","type":"post","link":"https:\/\/www.areabesos.com\/diario\/suspensio-temporal-de-noves-llicencies-per-a-bars-i-restaurants-a-lambit-ze1\/","title":{"rendered":"Suspensi\u00f3 temporal de noves llic\u00e8ncies per a bars i restaurants a l\u2019\u00e0mbit ZE1"},"content":{"rendered":"\n<p class=\" \">L\u2019Ajuntament de Sant Adri\u00e0 de Bes\u00f2s, en el marc d\u2019una resoluci\u00f3 del 14 de juliol de 2025, ha acordat suspendre temporalment l\u2019atorgament i tramitaci\u00f3 de noves llic\u00e8ncies relacionades amb activitats de restauraci\u00f3, bars o similars dins l\u2019\u00e0mbit ZE1, de prioritat comercial, del Pla especial de regularitzaci\u00f3 d\u2019usos per a la dinamitzaci\u00f3 comercial.<\/p>\n\n\n\n<p>Aquesta mesura, publicada al Butllet\u00ed Oficial de la Prov\u00edncia de Barcelona (BOPB) el 16 de juliol, t\u00e9 com a objectiu permetre l\u2019estudi i reforma del planejament urban\u00edstic en aquesta zona, amb la voluntat de garantir un desenvolupament equilibrat i coherent amb els objectius comercials i socials del municipi.<\/p>\n\n\n\n<p>La suspensi\u00f3 inclou:<\/p>\n\n\n\n<ul class=\"wp-block-list\">\n<li>Llic\u00e8ncies i comunicacions pr\u00e8vies per a noves construccions, reformes, rehabilitacions o enderrocs vinculats a noves activitats de restauraci\u00f3.<\/li>\n\n\n\n<li>Llic\u00e8ncies de canvi d\u2019\u00fas d\u2019edificis que impliquin l\u2019obertura de bars, restaurants o establiments similars.<\/li>\n\n\n\n<li>Comunicacions pr\u00e8vies o qualsevol altre tipus d\u2019intervenci\u00f3 d\u2019activitat vinculada als usos esmentats.<\/li>\n<\/ul>\n\n\n\n<p>Els efectes d\u2019aquesta morat\u00f2ria tindran una durada d\u2019un any a partir de la seva darrera publicaci\u00f3 oficial. Durant aquest per\u00edode, la Comissi\u00f3 Informativa de Territori actuar\u00e0 com a comissi\u00f3 de seguiment del proc\u00e9s.<\/p>\n","protected":false},"excerpt":{"rendered":"<p>L\u2019Ajuntament de Sant Adri\u00e0 de Bes\u00f2s, en el marc d\u2019una resoluci\u00f3 del 14 de juliol de 2025, ha acordat suspendre temporalment l\u2019atorgament i tramitaci\u00f3 de noves llic\u00e8ncies relacionades amb activitats de restauraci\u00f3, bars o similars dins l\u2019\u00e0mbit ZE1, de prioritat comercial, del Pla especial de regularitzaci\u00f3 d\u2019usos per a la dinamitzaci\u00f3 comercial. Aquesta mesura, publicada [&hellip;]<\/p>\n","protected":false},"author":2,"featured_media":8984,"comment_status":"closed","ping_status":"open","sticky":false,"template":"","format":"standard","meta":{"footnotes":""},"categories":[134],"tags":[],"class_list":{"0":"post-8808","1":"post","2":"type-post","3":"status-publish","4":"format-standard","5":"has-post-thumbnail","7":"category-actualitat"},"_links":{"self":[{"href":"https:\/\/www.areabesos.com\/diario\/wp-json\/wp\/v2\/posts\/8808","targetHints":{"allow":["GET"]}}],"collection":[{"href":"https:\/\/www.areabesos.com\/diario\/wp-json\/wp\/v2\/posts"}],"about":[{"href":"https:\/\/www.areabesos.com\/diario\/wp-json\/wp\/v2\/types\/post"}],"author":[{"embeddable":true,"href":"https:\/\/www.areabesos.com\/diario\/wp-json\/wp\/v2\/users\/2"}],"replies":[{"embeddable":true,"href":"https:\/\/www.areabesos.com\/diario\/wp-json\/wp\/v2\/comments?post=8808"}],"version-history":[{"count":1,"href":"https:\/\/www.areabesos.com\/diario\/wp-json\/wp\/v2\/posts\/8808\/revisions"}],"predecessor-version":[{"id":8810,"href":"https:\/\/www.areabesos.com\/diario\/wp-json\/wp\/v2\/posts\/8808\/revisions\/8810"}],"wp:featuredmedia":[{"embeddable":true,"href":"https:\/\/www.areabesos.com\/diario\/wp-json\/wp\/v2\/media\/8984"}],"wp:attachment":[{"href":"https:\/\/www.areabesos.com\/diario\/wp-json\/wp\/v2\/media?parent=8808"}],"wp:term":[{"taxonomy":"category","embeddable":true,"href":"https:\/\/www.areabesos.com\/diario\/wp-json\/wp\/v2\/categories?post=8808"},{"taxonomy":"post_tag","embeddable":true,"href":"https:\/\/www.areabesos.com\/diario\/wp-json\/wp\/v2\/tags?post=8808"}],"curies":[{"name":"wp","href":"https:\/\/api.w.org\/{rel}","templated":true}]}}