{"id":8804,"date":"2025-07-23T13:47:00","date_gmt":"2025-07-23T11:47:00","guid":{"rendered":"https:\/\/www.areabesos.com\/diario\/?p=8804"},"modified":"2025-09-24T12:56:25","modified_gmt":"2025-09-24T10:56:25","slug":"erc-sant-adria-aprova-un-pla-de-foment-dus-del-catala-pels-joves-malgrat-labstencio-del-psc","status":"publish","type":"post","link":"https:\/\/www.areabesos.com\/diario\/erc-sant-adria-aprova-un-pla-de-foment-dus-del-catala-pels-joves-malgrat-labstencio-del-psc\/","title":{"rendered":"ERC Sant Adri\u00e0 aprova un pla de foment d\u2019\u00fas del catal\u00e0 pels joves malgrat l\u2019abstenci\u00f3 del PSC"},"content":{"rendered":"\n<p>El ple de Sant Adri\u00e0 del mes de juliol ha aprovat la proposta d\u2019ERC, a la qual tamb\u00e9 s\u2019havia adherit Sant Adri\u00e0 en Com\u00fa i el regidor no adscrit, per impulsar un pla municipal que fomenti l\u2019\u00fas del catal\u00e0 entre infants i joves.<\/p>\n\n\n\n<p>L\u2019objectiu: garantir que tothom pugui viure en catal\u00e0 en el seu dia a dia, refor\u00e7ar la cohesi\u00f3 social davant el repte de la multiculturalitat i evitar que el catal\u00e0 desaparegui dels espais d\u2019oci i relaci\u00f3 informal.<\/p>\n\n\n\n<p>El pla haur\u00e0 d\u2019incloure tallers, suport a extraescolars en catal\u00e0, materials pedag\u00f2gics, formaci\u00f3 a professionals i campanyes de sensibilitzaci\u00f3. Tot, amb la clau de volta de la implicaci\u00f3 d\u2019escoles, AFAs, entitats i fam\u00edlies, per garantir l\u2019\u00e8xit de la proposta. Des d\u2019Esquerra Republicana asseguren que faran seguiment per tal que es faci realitat.<\/p>\n\n\n\n<p>La moci\u00f3 ha tirat endavant amb els vots favorables dels grups d\u2019esquerres, el rebuig previsible de PP i Vox, i la <strong>sorpresa de la sessi\u00f3: l\u2019abstenci\u00f3 del PSC<\/strong>, que fins ara havia defensat p\u00fablicament la normalitzaci\u00f3 del catal\u00e0 i sempre s\u2019havia mostrat un actor favorable en la defensa de la llengua.<\/p>\n\n\n\n<p>ERC tamb\u00e9 es va adherir a una proposta presentada per Sant Adri\u00e0 en Com\u00fa per condemnar els atacs xen\u00f2fobs i islam\u00f2fobs que han tingut lloc a Torrepacheco, Piera o altres ciutats catalanes.<\/p>\n\n\n\n<h3 class=\"wp-block-heading\"><strong>ERC Sant Adri\u00e0 defensa la transpar\u00e8ncia en la gesti\u00f3 del contracte de neteja<\/strong><\/h3>\n\n\n\n<p>Un altre punt calent del ple va ser la delegaci\u00f3 de tots els temes relacionats amb el contracte de neteja a la Junta de Govern. El grup municipal republic\u00e0 es va posicionar en contra, per garantir la transpar\u00e8ncia i que la informaci\u00f3 arribi a la ciutadania.<\/p>\n\n\n\n<p>El contracte de neteja \u00e9s el m\u00e9s important i dels m\u00e9s complexos de Sant Adri\u00e0, si es delega, es perd el control i sense control, no hi ha fiscalitzaci\u00f3 possible; exposen els republicans.<\/p>\n\n\n\n<p>En paraules del regidor d\u2019ERC, Antoni V\u00e9lez, \u201c<em>el contracte de neteja no est\u00e0 funcionant com cal, la ciutat est\u00e0 bruta i deixada, cal fiscalitzar m\u00e9s, no menys<\/em>\u201d.<\/p>\n\n\n\n<p><strong>ERC reclama que Sant Adri\u00e0 mantingui viu el record de les v\u00edctimes del 17A i dedica unes paraules a l\u2019alcalde Joan Callau<\/strong><br><br>El grup municipal d\u2019ERC va demanar informaci\u00f3 sobre l\u2019estat de la placa commemorativa a les v\u00edctimes dels atemptats del 17 d\u2019agost. Va reclamar, tamb\u00e9, que enguany es compleixi l\u2019acord aprovat al Ple, impulsat pel mateix grup, per organitzar un acte d\u2019homenatge a les v\u00edctimes ve\u00efnes de Sant Adri\u00e0.<\/p>\n\n\n\n<p>Una acci\u00f3 necess\u00e0ria per mantenir viu el record i la dignitat de les v\u00edctimes al municipi.<\/p>\n\n\n\n<p>Finalment, els republicans van tenir unes paraules de record pel recentment traspassat alcalde Joan Callau i van voler posar en relleu la capacitat de recerca del consens, el respecte a les idees diferents i la voluntat de bastir ponts.<\/p>\n\n\n\n<p><strong>ERC Sant Adri\u00e0<\/strong><\/p>\n","protected":false},"excerpt":{"rendered":"<p>El ple de Sant Adri\u00e0 del mes de juliol ha aprovat la proposta d\u2019ERC, a la qual tamb\u00e9 s\u2019havia adherit Sant Adri\u00e0 en Com\u00fa i el regidor no adscrit, per impulsar un pla municipal que fomenti l\u2019\u00fas del catal\u00e0 entre infants i joves. L\u2019objectiu: garantir que tothom pugui viure en catal\u00e0 en el seu dia [&hellip;]<\/p>\n","protected":false},"author":2,"featured_media":8974,"comment_status":"closed","ping_status":"open","sticky":false,"template":"","format":"standard","meta":{"footnotes":""},"categories":[134],"tags":[],"class_list":{"0":"post-8804","1":"post","2":"type-post","3":"status-publish","4":"format-standard","5":"has-post-thumbnail","7":"category-actualitat"},"_links":{"self":[{"href":"https:\/\/www.areabesos.com\/diario\/wp-json\/wp\/v2\/posts\/8804","targetHints":{"allow":["GET"]}}],"collection":[{"href":"https:\/\/www.areabesos.com\/diario\/wp-json\/wp\/v2\/posts"}],"about":[{"href":"https:\/\/www.areabesos.com\/diario\/wp-json\/wp\/v2\/types\/post"}],"author":[{"embeddable":true,"href":"https:\/\/www.areabesos.com\/diario\/wp-json\/wp\/v2\/users\/2"}],"replies":[{"embeddable":true,"href":"https:\/\/www.areabesos.com\/diario\/wp-json\/wp\/v2\/comments?post=8804"}],"version-history":[{"count":1,"href":"https:\/\/www.areabesos.com\/diario\/wp-json\/wp\/v2\/posts\/8804\/revisions"}],"predecessor-version":[{"id":8806,"href":"https:\/\/www.areabesos.com\/diario\/wp-json\/wp\/v2\/posts\/8804\/revisions\/8806"}],"wp:featuredmedia":[{"embeddable":true,"href":"https:\/\/www.areabesos.com\/diario\/wp-json\/wp\/v2\/media\/8974"}],"wp:attachment":[{"href":"https:\/\/www.areabesos.com\/diario\/wp-json\/wp\/v2\/media?parent=8804"}],"wp:term":[{"taxonomy":"category","embeddable":true,"href":"https:\/\/www.areabesos.com\/diario\/wp-json\/wp\/v2\/categories?post=8804"},{"taxonomy":"post_tag","embeddable":true,"href":"https:\/\/www.areabesos.com\/diario\/wp-json\/wp\/v2\/tags?post=8804"}],"curies":[{"name":"wp","href":"https:\/\/api.w.org\/{rel}","templated":true}]}}