{"id":8801,"date":"2025-07-22T10:25:20","date_gmt":"2025-07-22T08:25:20","guid":{"rendered":"https:\/\/www.areabesos.com\/diario\/?p=8801"},"modified":"2025-09-24T12:56:53","modified_gmt":"2025-09-24T10:56:53","slug":"samplia-el-termini-perque-els-usuaris-i-usuaries-valorin-els-serveis-de-loac-i-lomic","status":"publish","type":"post","link":"https:\/\/www.areabesos.com\/diario\/samplia-el-termini-perque-els-usuaris-i-usuaries-valorin-els-serveis-de-loac-i-lomic\/","title":{"rendered":"S\u2019amplia el termini perqu\u00e8 els usuaris i usu\u00e0ries valorin els serveis de l\u2019OAC i l\u2019OMIC"},"content":{"rendered":"\n<p>L&#8217;Ajuntament de Sant Adri\u00e0, en el marc del seu comprom\u00eds amb el bon govern, va posar en marxa fa unes setmanes el proc\u00e9s per elaborar les cartes de serveis municipals. Un proc\u00e9s gradual que ha comen\u00e7at amb els serveis de l\u2019 Oficina Municipal d\u2019Informaci\u00f3 a les Persones Consumidores (OMIC) i l\u2019 Oficina d\u2019Atenci\u00f3 a la Ciutadania (OAC).<\/p>\n\n\n\n<p class=\" \">Un dels primers passos per a l\u2019elaboraci\u00f3 dels documents \u00e9s con\u00e8ixer les demandes i expectatives ciutadanes sobre aquests serveis, per aix\u00f2 l\u2019OAC i l\u2019OMIC va posar un q\u00fcestionari a disposici\u00f3 dels usuaris i usu\u00e0ries inicialment previst del 30 de juny al 18 de juliol, termini que ara s\u2019ha allargat per facilitar la participaci\u00f3 i que tothom digui la seva sobre diversos aspectes del servei rebut. La fase seg\u00fcent ser\u00e0 valorar aquests resultats i definir els compromisos de qualitat que hauran d\u2019incloure les cartes.<\/p>\n\n\n\n<p class=\" \">La participaci\u00f3 ciutadana \u00e9s clau perqu\u00e8 aquests documents siguin un instrument \u00fatil, que respongui a les necessitats reals de la poblaci\u00f3 i enforteixi la confian\u00e7a entre l&#8217;administraci\u00f3 i els ciutadans.<\/p>\n\n\n\n<h3 class=\"wp-block-heading\"><strong>Formularis de valoraci\u00f3 de la qualitat dels serveis:<\/strong><\/h3>\n\n\n\n<ul class=\"wp-block-list\">\n<li><strong><a href=\"https:\/\/forms.gle\/z5LJ81vmv5q1m1cLA\"><strong>Oficina d\u2019Atenci\u00f3 Ciutadana (OAC)<\/strong><\/a><\/strong><\/li>\n\n\n\n<li><strong><a href=\"https:\/\/forms.gle\/bk94NeQGTYyTPQjEA\"><strong>Oficina Municipal d\u2019Informaci\u00f3 a les Persones Consumidores (OMIC)<\/strong><\/a><\/strong><\/li>\n<\/ul>\n","protected":false},"excerpt":{"rendered":"<p>L&#8217;Ajuntament de Sant Adri\u00e0, en el marc del seu comprom\u00eds amb el bon govern, va posar en marxa fa unes setmanes el proc\u00e9s per elaborar les cartes de serveis municipals. Un proc\u00e9s gradual que ha comen\u00e7at amb els serveis de l\u2019 Oficina Municipal d\u2019Informaci\u00f3 a les Persones Consumidores (OMIC) i l\u2019 Oficina d\u2019Atenci\u00f3 a la [&hellip;]<\/p>\n","protected":false},"author":2,"featured_media":8975,"comment_status":"closed","ping_status":"open","sticky":false,"template":"","format":"standard","meta":{"footnotes":""},"categories":[134],"tags":[],"class_list":{"0":"post-8801","1":"post","2":"type-post","3":"status-publish","4":"format-standard","5":"has-post-thumbnail","7":"category-actualitat"},"_links":{"self":[{"href":"https:\/\/www.areabesos.com\/diario\/wp-json\/wp\/v2\/posts\/8801","targetHints":{"allow":["GET"]}}],"collection":[{"href":"https:\/\/www.areabesos.com\/diario\/wp-json\/wp\/v2\/posts"}],"about":[{"href":"https:\/\/www.areabesos.com\/diario\/wp-json\/wp\/v2\/types\/post"}],"author":[{"embeddable":true,"href":"https:\/\/www.areabesos.com\/diario\/wp-json\/wp\/v2\/users\/2"}],"replies":[{"embeddable":true,"href":"https:\/\/www.areabesos.com\/diario\/wp-json\/wp\/v2\/comments?post=8801"}],"version-history":[{"count":1,"href":"https:\/\/www.areabesos.com\/diario\/wp-json\/wp\/v2\/posts\/8801\/revisions"}],"predecessor-version":[{"id":8803,"href":"https:\/\/www.areabesos.com\/diario\/wp-json\/wp\/v2\/posts\/8801\/revisions\/8803"}],"wp:featuredmedia":[{"embeddable":true,"href":"https:\/\/www.areabesos.com\/diario\/wp-json\/wp\/v2\/media\/8975"}],"wp:attachment":[{"href":"https:\/\/www.areabesos.com\/diario\/wp-json\/wp\/v2\/media?parent=8801"}],"wp:term":[{"taxonomy":"category","embeddable":true,"href":"https:\/\/www.areabesos.com\/diario\/wp-json\/wp\/v2\/categories?post=8801"},{"taxonomy":"post_tag","embeddable":true,"href":"https:\/\/www.areabesos.com\/diario\/wp-json\/wp\/v2\/tags?post=8801"}],"curies":[{"name":"wp","href":"https:\/\/api.w.org\/{rel}","templated":true}]}}