{"id":8798,"date":"2025-07-16T12:31:35","date_gmt":"2025-07-16T10:31:35","guid":{"rendered":"https:\/\/www.areabesos.com\/diario\/?p=8798"},"modified":"2025-09-24T13:03:32","modified_gmt":"2025-09-24T11:03:32","slug":"nova-eina-digital-per-a-la-cerca-dassociacions-al-municipi","status":"publish","type":"post","link":"https:\/\/www.areabesos.com\/diario\/nova-eina-digital-per-a-la-cerca-dassociacions-al-municipi\/","title":{"rendered":"Nova eina digital per a la cerca d\u2019associacions al municipi"},"content":{"rendered":"\n<p>L\u2019Ajuntament ha implementat una nova eina digital, un recurs tecnol\u00f2gic atorgat per la Diputaci\u00f3 de Barcelona, per facilitar&nbsp;<a href=\"https:\/\/mapa-ciutadania311.diba.cat\/Municipis\/Sant%20Adri%C3%A0%20de%20Bes%C3%B2s\" target=\"_blank\" rel=\"noreferrer noopener\">la cerca i la consulta d\u2019associacions locals<\/a>. L\u2019actualitzaci\u00f3 i millora de la base de dades de les associacions ja estaven previstes en el Pla municipal d\u2019Acci\u00f3 pel Foment del Teixit Associatiu, i l\u2019Ajuntament ha aprofitat aquest recurs de la Diputaci\u00f3 de Barcelona per fer-ho.<\/p>\n\n\n\n<p><strong>Qu\u00e8 ofereix aquesta nova eina?<\/strong><\/p>\n\n\n\n<ul class=\"wp-block-list\">\n<li>Permet cercar i accedir a la informaci\u00f3 de les associacions del municipi de manera m\u00e9s \u00e0gil i senzilla.<\/li>\n\n\n\n<li>Facilita l\u2019actualitzaci\u00f3 de les dades, ja que qualsevol associaci\u00f3 pot enviar un av\u00eds a l\u2019Ajuntament per sol\u00b7licitar la modificaci\u00f3 d&#8217;alguna dada.<\/li>\n<\/ul>\n\n\n\n<p><strong>Objectius del nou cercador<\/strong><\/p>\n\n\n\n<ul class=\"wp-block-list\">\n<li>Mantenir actualitzada la informaci\u00f3 sobre les associacions fer-la accessible a la ciutadania<\/li>\n\n\n\n<li>Donar a con\u00e8ixer la realitat associativa del municipi.<\/li>\n\n\n\n<li>Promoure el coneixement mutu i facilitar la cooperaci\u00f3 i col\u00b7laboraci\u00f3 entre les associacions i la ciutadania.<\/li>\n<\/ul>\n\n\n\n<p>Abans de la posada en marxa, s\u2019ha fet un treball exhaustiu per actualitzar les dades de totes les associacions. En aquesta fase inicial, s&#8217;ha introdu\u00eft la informaci\u00f3 b\u00e0sica de les entitats que estan actives i que han donat el consentiment per a la publicaci\u00f3 de les seves dades. Progressivament s\u2019anir\u00e0 ampliant la informaci\u00f3 disponible, enriquint encara m\u00e9s el contingut que es mostra a la plataforma.<\/p>\n","protected":false},"excerpt":{"rendered":"<p>L\u2019Ajuntament ha implementat una nova eina digital, un recurs tecnol\u00f2gic atorgat per la Diputaci\u00f3 de Barcelona, per facilitar&nbsp;la cerca i la consulta d\u2019associacions locals. L\u2019actualitzaci\u00f3 i millora de la base de dades de les associacions ja estaven previstes en el Pla municipal d\u2019Acci\u00f3 pel Foment del Teixit Associatiu, i l\u2019Ajuntament ha aprofitat aquest recurs de [&hellip;]<\/p>\n","protected":false},"author":2,"featured_media":8976,"comment_status":"closed","ping_status":"open","sticky":false,"template":"","format":"standard","meta":{"footnotes":""},"categories":[134],"tags":[],"class_list":{"0":"post-8798","1":"post","2":"type-post","3":"status-publish","4":"format-standard","5":"has-post-thumbnail","7":"category-actualitat"},"_links":{"self":[{"href":"https:\/\/www.areabesos.com\/diario\/wp-json\/wp\/v2\/posts\/8798","targetHints":{"allow":["GET"]}}],"collection":[{"href":"https:\/\/www.areabesos.com\/diario\/wp-json\/wp\/v2\/posts"}],"about":[{"href":"https:\/\/www.areabesos.com\/diario\/wp-json\/wp\/v2\/types\/post"}],"author":[{"embeddable":true,"href":"https:\/\/www.areabesos.com\/diario\/wp-json\/wp\/v2\/users\/2"}],"replies":[{"embeddable":true,"href":"https:\/\/www.areabesos.com\/diario\/wp-json\/wp\/v2\/comments?post=8798"}],"version-history":[{"count":1,"href":"https:\/\/www.areabesos.com\/diario\/wp-json\/wp\/v2\/posts\/8798\/revisions"}],"predecessor-version":[{"id":8800,"href":"https:\/\/www.areabesos.com\/diario\/wp-json\/wp\/v2\/posts\/8798\/revisions\/8800"}],"wp:featuredmedia":[{"embeddable":true,"href":"https:\/\/www.areabesos.com\/diario\/wp-json\/wp\/v2\/media\/8976"}],"wp:attachment":[{"href":"https:\/\/www.areabesos.com\/diario\/wp-json\/wp\/v2\/media?parent=8798"}],"wp:term":[{"taxonomy":"category","embeddable":true,"href":"https:\/\/www.areabesos.com\/diario\/wp-json\/wp\/v2\/categories?post=8798"},{"taxonomy":"post_tag","embeddable":true,"href":"https:\/\/www.areabesos.com\/diario\/wp-json\/wp\/v2\/tags?post=8798"}],"curies":[{"name":"wp","href":"https:\/\/api.w.org\/{rel}","templated":true}]}}