{"id":8795,"date":"2025-07-15T12:29:37","date_gmt":"2025-07-15T10:29:37","guid":{"rendered":"https:\/\/www.areabesos.com\/diario\/?p=8795"},"modified":"2025-09-24T13:03:59","modified_gmt":"2025-09-24T11:03:59","slug":"campanya-informativa-sobre-els-refugis-climatics-a-sant-adria","status":"publish","type":"post","link":"https:\/\/www.areabesos.com\/diario\/campanya-informativa-sobre-els-refugis-climatics-a-sant-adria\/","title":{"rendered":"Campanya informativa sobre els refugis clim\u00e0tics a Sant Adri\u00e0"},"content":{"rendered":"\n<p class=\" \">Del 15 al 25 de juliol, l\u2019\u00c0rea Metropolitana de Barcelona (AMB), amb la col\u00b7laboraci\u00f3 de l\u2019Ajuntament, dur\u00e0 a terme una acci\u00f3 informativa a diversos barris del municipi per divulgar els refugis clim\u00e0tics de proximitat. S\u00f3n espais que ofereixen condicions adequades de temperatura, seguretat i accessibilitat, i que permeten fer una aturada breu durant els episodis de calor intensa.<\/p>\n\n\n\n<p>Aquesta acci\u00f3 t\u00e9 com a objectiu sensibilitzar la ciutadania sobre l\u2019exist\u00e8ncia d\u2019aquests equipaments i espais p\u00fablics, especialment pensats per protegir les persones m\u00e9s vulnerables davant les altes temperatures.<\/p>\n\n\n\n<p>L\u2019horari de la campanya \u00e9s de 17 a 21 h, seguint aquest calendari:<\/p>\n\n\n\n<p><strong>Calendari per zones:<\/strong><\/p>\n\n\n\n<ul class=\"wp-block-list\">\n<li>Dimarts 15 \u00b7 La Catalana<\/li>\n\n\n\n<li>Dimecres 16 \u00b7 Sant Joan Baptista<\/li>\n\n\n\n<li>Dijous 17 \u00b7 Litoral<\/li>\n\n\n\n<li>Divendres 18 \u00b7 Sant Adri\u00e0 centre<\/li>\n\n\n\n<li>Dilluns 21 \u00b7 La Mina<\/li>\n\n\n\n<li>Dimarts 22 \u00b7 Can Llima<\/li>\n\n\n\n<li>Dimecres 23 \u00b7 Verneda<\/li>\n\n\n\n<li>Dijous 24 \u00b7 Bes\u00f2s<\/li>\n\n\n\n<li>Divendres 25 \u00b7 Sant Adri\u00e0 Nord<\/li>\n<\/ul>\n\n\n\n<p>Durant l\u2019activitat, es repartiran fulletons informatius amb un codi QR per accedir al mapa complet dels refugis clim\u00e0tics disponibles a la ciutat.<\/p>\n\n\n\n<p>Aquesta campanya s\u2019emmarca en les actuacions de sensibilitzaci\u00f3 i adaptaci\u00f3 urbana davant el canvi clim\u00e0tic.<\/p>\n","protected":false},"excerpt":{"rendered":"<p>Del 15 al 25 de juliol, l\u2019\u00c0rea Metropolitana de Barcelona (AMB), amb la col\u00b7laboraci\u00f3 de l\u2019Ajuntament, dur\u00e0 a terme una acci\u00f3 informativa a diversos barris del municipi per divulgar els refugis clim\u00e0tics de proximitat. S\u00f3n espais que ofereixen condicions adequades de temperatura, seguretat i accessibilitat, i que permeten fer una aturada breu durant els episodis [&hellip;]<\/p>\n","protected":false},"author":2,"featured_media":8969,"comment_status":"closed","ping_status":"open","sticky":false,"template":"","format":"standard","meta":{"footnotes":""},"categories":[134],"tags":[],"class_list":{"0":"post-8795","1":"post","2":"type-post","3":"status-publish","4":"format-standard","5":"has-post-thumbnail","7":"category-actualitat"},"_links":{"self":[{"href":"https:\/\/www.areabesos.com\/diario\/wp-json\/wp\/v2\/posts\/8795","targetHints":{"allow":["GET"]}}],"collection":[{"href":"https:\/\/www.areabesos.com\/diario\/wp-json\/wp\/v2\/posts"}],"about":[{"href":"https:\/\/www.areabesos.com\/diario\/wp-json\/wp\/v2\/types\/post"}],"author":[{"embeddable":true,"href":"https:\/\/www.areabesos.com\/diario\/wp-json\/wp\/v2\/users\/2"}],"replies":[{"embeddable":true,"href":"https:\/\/www.areabesos.com\/diario\/wp-json\/wp\/v2\/comments?post=8795"}],"version-history":[{"count":1,"href":"https:\/\/www.areabesos.com\/diario\/wp-json\/wp\/v2\/posts\/8795\/revisions"}],"predecessor-version":[{"id":8797,"href":"https:\/\/www.areabesos.com\/diario\/wp-json\/wp\/v2\/posts\/8795\/revisions\/8797"}],"wp:featuredmedia":[{"embeddable":true,"href":"https:\/\/www.areabesos.com\/diario\/wp-json\/wp\/v2\/media\/8969"}],"wp:attachment":[{"href":"https:\/\/www.areabesos.com\/diario\/wp-json\/wp\/v2\/media?parent=8795"}],"wp:term":[{"taxonomy":"category","embeddable":true,"href":"https:\/\/www.areabesos.com\/diario\/wp-json\/wp\/v2\/categories?post=8795"},{"taxonomy":"post_tag","embeddable":true,"href":"https:\/\/www.areabesos.com\/diario\/wp-json\/wp\/v2\/tags?post=8795"}],"curies":[{"name":"wp","href":"https:\/\/api.w.org\/{rel}","templated":true}]}}