{"id":8766,"date":"2025-07-20T10:34:49","date_gmt":"2025-07-20T08:34:49","guid":{"rendered":"https:\/\/www.areabesos.com\/diario\/?p=8766"},"modified":"2025-09-24T12:57:53","modified_gmt":"2025-09-24T10:57:53","slug":"fallece-joan-callau-alcalde-de-sant-adria-entre-2013-y-2021","status":"publish","type":"post","link":"https:\/\/www.areabesos.com\/diario\/fallece-joan-callau-alcalde-de-sant-adria-entre-2013-y-2021\/","title":{"rendered":"Fallece Joan Callau, alcalde de Sant Adri\u00e0 entre 2013 y 2021"},"content":{"rendered":"\n<p>Esta madrugada ha fallecido a la edad de 65 a\u00f1os Joan Callau, alcalde de Sant Adri\u00e0 entre 2013 y 2021, despu\u00e9s de luchar durante dos a\u00f1os contra el c\u00e1ncer. El que recogiera el testigo de Sito Canga al frente de un consistorio que conoc\u00eda muy bien, ya que hab\u00eda sido concejal desde el a\u00f1o 1995, era natural de Santa Coloma de Queralt pero adrianense de coraz\u00f3n. De profesi\u00f3n maestro, era un fuerte defensor de los valores socialistas. El president de la Generalitat, Salvador Illa, i el exministro y ex primer secretario del PSC Miquel Iceta le han recordado en redes y le han calificado de \u00abmilitante socialista ejemplar\u00bb. La alcaldesa adrianense, Filo Ca\u00f1ete, que tom\u00f3 el relevo de Callau cuando este anunci\u00f3 su renuncia a mitad de legislatura en 2011, ha afirmado que \u00abdestac\u00f3 por su firme compromiso con la justicia social y el progreso de Sant Adri\u00e0 de Bes\u00f2s, as\u00ed como por su papel activo como servidor p\u00fablico e impulsor de proyectos transformadores que han contribuido al desarrollo y al bienestar de la ciudad y de su ciudadan\u00eda\u00bb. <\/p>\n\n\n\n<div><a href=\"https:\/\/www.areabesos.com\/diario\/wp-content\/uploads\/2025\/07\/joancallau2025_02-1024x619.jpg\" class=\"td-modal-image\"><figure class=\"wp-block-image size-large\"><img loading=\"lazy\" decoding=\"async\" width=\"1024\" height=\"619\" src=\"https:\/\/www.areabesos.com\/diario\/wp-content\/uploads\/2025\/07\/joancallau2025_02-1024x619.jpg\" alt=\"\" class=\"wp-image-8985\" srcset=\"https:\/\/www.areabesos.com\/diario\/wp-content\/uploads\/2025\/07\/joancallau2025_02-1024x619.jpg 1024w, https:\/\/www.areabesos.com\/diario\/wp-content\/uploads\/2025\/07\/joancallau2025_02-300x181.jpg 300w, https:\/\/www.areabesos.com\/diario\/wp-content\/uploads\/2025\/07\/joancallau2025_02-768x464.jpg 768w, https:\/\/www.areabesos.com\/diario\/wp-content\/uploads\/2025\/07\/joancallau2025_02-150x91.jpg 150w, https:\/\/www.areabesos.com\/diario\/wp-content\/uploads\/2025\/07\/joancallau2025_02-696x421.jpg 696w, https:\/\/www.areabesos.com\/diario\/wp-content\/uploads\/2025\/07\/joancallau2025_02-1068x645.jpg 1068w, https:\/\/www.areabesos.com\/diario\/wp-content\/uploads\/2025\/07\/joancallau2025_02.jpg 1200w\" sizes=\"auto, (max-width: 1024px) 100vw, 1024px\" \/><\/figure><\/a><\/div>\n\n\n\n<p>Durante sus a\u00f1o al frente del consistorio, la ciudad vio como se transformaban algunas zonas del municipio como las tres chimeneas, el F\u00f2rum y la actual zona universitaria. Tuvo que defender muchas veces ante instituciones superiores el derecho de Sant Adri\u00e0 a ser una ciudad digna, y exigir compromisos b\u00e1sicos como mayor seguridad en barrios con problem\u00e1ticas como La Mina. <\/p>\n\n\n\n<p>El consistorio de Sant Adri\u00e0 ha decretado dos d\u00edas de duelo, el 21 y 22 de julio, durante los cuales las banderas estar\u00e1n a media asta. El 21 de julio se han convocado dos minutos de silencio, a las 13 y a las 17.30 horas. Tambi\u00e9n se pondr\u00e1 a disposici\u00f3n de la ciudadan\u00eda de un libro de condolencias en el que puedan expresar su reconocimiento. <\/p>\n\n\n\n<p>Desde la redacci\u00f3n del diario \u00c0rea Bes\u00f2s queremos expresar nuestro m\u00e1s sentido p\u00e9same a la familia y amigos de Joan Callau, que siempre nos trat\u00f3 con mucho respeto y cari\u00f1o. Descanse en paz. <\/p>\n","protected":false},"excerpt":{"rendered":"<p>Esta madrugada ha fallecido a la edad de 65 a\u00f1os Joan Callau, alcalde de Sant Adri\u00e0 entre 2013 y 2021, despu\u00e9s de luchar durante dos a\u00f1os contra el c\u00e1ncer. El que recogiera el testigo de Sito Canga al frente de un consistorio que conoc\u00eda muy bien, ya que hab\u00eda sido concejal desde el a\u00f1o 1995, [&hellip;]<\/p>\n","protected":false},"author":1,"featured_media":8968,"comment_status":"closed","ping_status":"open","sticky":false,"template":"","format":"standard","meta":{"footnotes":""},"categories":[134],"tags":[],"class_list":{"0":"post-8766","1":"post","2":"type-post","3":"status-publish","4":"format-standard","5":"has-post-thumbnail","7":"category-actualitat"},"_links":{"self":[{"href":"https:\/\/www.areabesos.com\/diario\/wp-json\/wp\/v2\/posts\/8766","targetHints":{"allow":["GET"]}}],"collection":[{"href":"https:\/\/www.areabesos.com\/diario\/wp-json\/wp\/v2\/posts"}],"about":[{"href":"https:\/\/www.areabesos.com\/diario\/wp-json\/wp\/v2\/types\/post"}],"author":[{"embeddable":true,"href":"https:\/\/www.areabesos.com\/diario\/wp-json\/wp\/v2\/users\/1"}],"replies":[{"embeddable":true,"href":"https:\/\/www.areabesos.com\/diario\/wp-json\/wp\/v2\/comments?post=8766"}],"version-history":[{"count":2,"href":"https:\/\/www.areabesos.com\/diario\/wp-json\/wp\/v2\/posts\/8766\/revisions"}],"predecessor-version":[{"id":8986,"href":"https:\/\/www.areabesos.com\/diario\/wp-json\/wp\/v2\/posts\/8766\/revisions\/8986"}],"wp:featuredmedia":[{"embeddable":true,"href":"https:\/\/www.areabesos.com\/diario\/wp-json\/wp\/v2\/media\/8968"}],"wp:attachment":[{"href":"https:\/\/www.areabesos.com\/diario\/wp-json\/wp\/v2\/media?parent=8766"}],"wp:term":[{"taxonomy":"category","embeddable":true,"href":"https:\/\/www.areabesos.com\/diario\/wp-json\/wp\/v2\/categories?post=8766"},{"taxonomy":"post_tag","embeddable":true,"href":"https:\/\/www.areabesos.com\/diario\/wp-json\/wp\/v2\/tags?post=8766"}],"curies":[{"name":"wp","href":"https:\/\/api.w.org\/{rel}","templated":true}]}}