{"id":8755,"date":"2025-07-14T12:51:05","date_gmt":"2025-07-14T10:51:05","guid":{"rendered":"https:\/\/www.areabesos.com\/diario\/?p=8755"},"modified":"2025-09-24T13:07:58","modified_gmt":"2025-09-24T11:07:58","slug":"la-entrega-de-los-premios-del-concurso-de-fotografia-rociera-del-cercat-se-reprograma-para-este-sabado","status":"publish","type":"post","link":"https:\/\/www.areabesos.com\/diario\/la-entrega-de-los-premios-del-concurso-de-fotografia-rociera-del-cercat-se-reprograma-para-este-sabado\/","title":{"rendered":"La entrega de los premios del concurso de fotograf\u00eda rociera del CERCAT se reprograma para este s\u00e1bado"},"content":{"rendered":"\n<p>El pasado s\u00e1bado, 12 de julio, ten\u00eda que haberse celebrado la entrega de los premios del XIX Concurso de fotograf\u00eda rociera del Centro de Estudios Rocieros y Cultura Andaluza en Catalunya (CERCAT) en los jardines del Museu d&#8217;hist\u00f2ria de la immigraci\u00f3 de Catalunya (MhiC) de Sant Adri\u00e0 de Bes\u00f2s, pero la alerta por fuertes lluvias en la zona hizo imposible llevar a cabo el acto. Finalmente ser\u00e1 este pr\u00f3ximo s\u00e1bado, 19 de julio, a partir de las 19 horas, cuando tenga lugar la entrega de premios. <\/p>\n\n\n\n<p>En esta <a href=\"https:\/\/www.areabesos.com\/diario\/el-cercat-da-a-conocer-los-ganadores-del-xix-concurso-de-fotografia-rociera-2025\/\">noticia<\/a> pueden consultar los ganadores de la presente edici\u00f3n. <\/p>\n","protected":false},"excerpt":{"rendered":"<p>El pasado s\u00e1bado, 12 de julio, ten\u00eda que haberse celebrado la entrega de los premios del XIX Concurso de fotograf\u00eda rociera del Centro de Estudios Rocieros y Cultura Andaluza en Catalunya (CERCAT) en los jardines del Museu d&#8217;hist\u00f2ria de la immigraci\u00f3 de Catalunya (MhiC) de Sant Adri\u00e0 de Bes\u00f2s, pero la alerta por fuertes lluvias [&hellip;]<\/p>\n","protected":false},"author":1,"featured_media":8991,"comment_status":"closed","ping_status":"open","sticky":false,"template":"","format":"standard","meta":{"footnotes":""},"categories":[136],"tags":[],"class_list":{"0":"post-8755","1":"post","2":"type-post","3":"status-publish","4":"format-standard","5":"has-post-thumbnail","7":"category-cultura"},"_links":{"self":[{"href":"https:\/\/www.areabesos.com\/diario\/wp-json\/wp\/v2\/posts\/8755","targetHints":{"allow":["GET"]}}],"collection":[{"href":"https:\/\/www.areabesos.com\/diario\/wp-json\/wp\/v2\/posts"}],"about":[{"href":"https:\/\/www.areabesos.com\/diario\/wp-json\/wp\/v2\/types\/post"}],"author":[{"embeddable":true,"href":"https:\/\/www.areabesos.com\/diario\/wp-json\/wp\/v2\/users\/1"}],"replies":[{"embeddable":true,"href":"https:\/\/www.areabesos.com\/diario\/wp-json\/wp\/v2\/comments?post=8755"}],"version-history":[{"count":2,"href":"https:\/\/www.areabesos.com\/diario\/wp-json\/wp\/v2\/posts\/8755\/revisions"}],"predecessor-version":[{"id":8759,"href":"https:\/\/www.areabesos.com\/diario\/wp-json\/wp\/v2\/posts\/8755\/revisions\/8759"}],"wp:featuredmedia":[{"embeddable":true,"href":"https:\/\/www.areabesos.com\/diario\/wp-json\/wp\/v2\/media\/8991"}],"wp:attachment":[{"href":"https:\/\/www.areabesos.com\/diario\/wp-json\/wp\/v2\/media?parent=8755"}],"wp:term":[{"taxonomy":"category","embeddable":true,"href":"https:\/\/www.areabesos.com\/diario\/wp-json\/wp\/v2\/categories?post=8755"},{"taxonomy":"post_tag","embeddable":true,"href":"https:\/\/www.areabesos.com\/diario\/wp-json\/wp\/v2\/tags?post=8755"}],"curies":[{"name":"wp","href":"https:\/\/api.w.org\/{rel}","templated":true}]}}