{"id":8752,"date":"2025-07-14T12:46:23","date_gmt":"2025-07-14T10:46:23","guid":{"rendered":"https:\/\/www.areabesos.com\/diario\/?p=8752"},"modified":"2025-09-24T13:08:39","modified_gmt":"2025-09-24T11:08:39","slug":"el-mhic-inaugura-el-mirador-nou-espai-expositiu-sobre-les-migracions-i-la-transformacio-del-territori","status":"publish","type":"post","link":"https:\/\/www.areabesos.com\/diario\/el-mhic-inaugura-el-mirador-nou-espai-expositiu-sobre-les-migracions-i-la-transformacio-del-territori\/","title":{"rendered":"El MhiC inaugura El Mirador, nou espai expositiu sobre les migracions i la transformaci\u00f3 del territori"},"content":{"rendered":"\n<p>El proper 17 de juliol, a les 18.30 h, s\u2019inaugurar\u00e0&nbsp;<strong>El Mirador. Territori Migrant<\/strong>, l\u2019\u00f9ltim \u00e0mbit de l\u2019espai permanent del Museu d\u2019Hist\u00f2ria de la Immigraci\u00f3 a Catalunya (MhiC). L\u2019acte comptar\u00e0 amb la participaci\u00f3 de l\u2019alcaldessa, Filo Ca\u00f1ete, i del regidor de Cultura, Andr\u00e9s Pozo, i el curador de l\u2019exposici\u00f3, Adolf Sotoca de l\u2019Escola T\u00e8cnica Superior d\u2019arquitectura del Vall\u00e8s UPC. Tamb\u00e9 hi assistir\u00e0 la cap de l&#8217;Oficina de Patrimoni Cultural de la Diputaci\u00f3 de Barcelona, Aur\u00e8lia Cabot.<\/p>\n\n\n\n<p>El Mirador- ubicat a la terrassa perimetral de la primera planta del MhiC- convidar\u00e0 al visitant a fer una reflexi\u00f3 sobre la transformaci\u00f3 del territori des d\u2019una perspectiva humana. Una mirada des del passat al present mostrar\u00e0 aspectes com la industrialitzaci\u00f3, l\u2019habitatge, l\u2019autoconstrucci\u00f3 o la vida social dels barris que, des de la balconada del MhiC, es veuen o s\u2019intueixen.<\/p>\n\n\n\n<p>Tamb\u00e9 es far\u00e0 una reflexi\u00f3 sobre temes mediambientals, l\u2019evoluci\u00f3 de les ciutats de l\u2019 \u00e0rea metropolitana i sobretot de Sant Adrir\u00e0 de Bes\u00f2s com a diposit\u00e0ria d\u2019aquest important patrimoni natural, social i de mem\u00f2ria hist\u00f2rica vinculat al territori.<\/p>\n\n\n\n<p>La iniciativa ha comptat amb la col.laboraci\u00f3 del Departament de Cultura de la Generalitat, l\u2019 Oficina de Patrimoni de la Diputaci\u00f3 de Barcelona, l\u2019Arxiu municipal Isabel Rojas Castroverde, l\u2019Arxiu hist\u00f2ric Pole Nou, l\u2019Arxiu Museu Torre Balldovina, les associacions de ve\u00efns La Pau i Trajana. La curadoria ha estat a c\u00e0rrec de Marta Serra i Adolf Sotoca de l\u2019Escola T\u00e8cnica Superior d\u2019arquitectura del Vall\u00e8s \u2013 Universitat Polit\u00e8cnica de Catalunya.<\/p>\n","protected":false},"excerpt":{"rendered":"<p>El proper 17 de juliol, a les 18.30 h, s\u2019inaugurar\u00e0&nbsp;El Mirador. Territori Migrant, l\u2019\u00f9ltim \u00e0mbit de l\u2019espai permanent del Museu d\u2019Hist\u00f2ria de la Immigraci\u00f3 a Catalunya (MhiC). L\u2019acte comptar\u00e0 amb la participaci\u00f3 de l\u2019alcaldessa, Filo Ca\u00f1ete, i del regidor de Cultura, Andr\u00e9s Pozo, i el curador de l\u2019exposici\u00f3, Adolf Sotoca de l\u2019Escola T\u00e8cnica Superior d\u2019arquitectura [&hellip;]<\/p>\n","protected":false},"author":2,"featured_media":8992,"comment_status":"closed","ping_status":"open","sticky":false,"template":"","format":"standard","meta":{"footnotes":""},"categories":[136],"tags":[],"class_list":{"0":"post-8752","1":"post","2":"type-post","3":"status-publish","4":"format-standard","5":"has-post-thumbnail","7":"category-cultura"},"_links":{"self":[{"href":"https:\/\/www.areabesos.com\/diario\/wp-json\/wp\/v2\/posts\/8752","targetHints":{"allow":["GET"]}}],"collection":[{"href":"https:\/\/www.areabesos.com\/diario\/wp-json\/wp\/v2\/posts"}],"about":[{"href":"https:\/\/www.areabesos.com\/diario\/wp-json\/wp\/v2\/types\/post"}],"author":[{"embeddable":true,"href":"https:\/\/www.areabesos.com\/diario\/wp-json\/wp\/v2\/users\/2"}],"replies":[{"embeddable":true,"href":"https:\/\/www.areabesos.com\/diario\/wp-json\/wp\/v2\/comments?post=8752"}],"version-history":[{"count":1,"href":"https:\/\/www.areabesos.com\/diario\/wp-json\/wp\/v2\/posts\/8752\/revisions"}],"predecessor-version":[{"id":8754,"href":"https:\/\/www.areabesos.com\/diario\/wp-json\/wp\/v2\/posts\/8752\/revisions\/8754"}],"wp:featuredmedia":[{"embeddable":true,"href":"https:\/\/www.areabesos.com\/diario\/wp-json\/wp\/v2\/media\/8992"}],"wp:attachment":[{"href":"https:\/\/www.areabesos.com\/diario\/wp-json\/wp\/v2\/media?parent=8752"}],"wp:term":[{"taxonomy":"category","embeddable":true,"href":"https:\/\/www.areabesos.com\/diario\/wp-json\/wp\/v2\/categories?post=8752"},{"taxonomy":"post_tag","embeddable":true,"href":"https:\/\/www.areabesos.com\/diario\/wp-json\/wp\/v2\/tags?post=8752"}],"curies":[{"name":"wp","href":"https:\/\/api.w.org\/{rel}","templated":true}]}}