{"id":8743,"date":"2025-07-13T12:37:46","date_gmt":"2025-07-13T10:37:46","guid":{"rendered":"https:\/\/www.areabesos.com\/diario\/?p=8743"},"modified":"2025-09-24T13:10:24","modified_gmt":"2025-09-24T11:10:24","slug":"grup-tersa-gestiona-285-instal%c2%b7lacions-fotovoltaiques-i-augmenta-un-20-la-seva-activitat-en-renovables-el-primer-semestre-de-lany","status":"publish","type":"post","link":"https:\/\/www.areabesos.com\/diario\/grup-tersa-gestiona-285-instal%c2%b7lacions-fotovoltaiques-i-augmenta-un-20-la-seva-activitat-en-renovables-el-primer-semestre-de-lany\/","title":{"rendered":"Grup TERSA gestiona 285 instal\u00b7lacions fotovoltaiques i augmenta un 20% la seva activitat en renovables el primer semestre de l\u2019any"},"content":{"rendered":"\n<p>Grup TERSA, l\u2019empresa especialitzada en la gesti\u00f3 de serveis ambientals relacionats amb l\u2019economia circular i participada majorit\u00e0riament per l\u2019Ajuntament de Barcelona i l\u2019\u00c0rea Metropolitana de Barcelona (AMB), ha tancat el primer semestre de l\u2019any gestionant un total de 285 instal\u00b7lacions fotovoltaiques. <strong>En nom\u00e9s sis mesos, l\u2019activitat ha registrat<\/strong> <strong>un<\/strong> <strong>creixement del 19,75% <\/strong>respecte al darrer semestre de l\u2019any anterior, i consolida l\u2019aposta del la companyia p\u00fablica per seguir impulsant la generaci\u00f3 d\u2019energia renovable a la ciutat de Barcelona i la resta de municipis metropolitans. &nbsp;<\/p>\n\n\n\n<p>TERSA efectua la gesti\u00f3 integral de les instal\u00b7lacions fotovoltaiques, tasca que inclou totes les actuacions imprescindibles per garantir el correcte funcionament de les infraestructures i maximitzar la producci\u00f3 d\u2019energia el\u00e8ctrica segons les particularitats de cada instal\u00b7laci\u00f3. Del total de 285, 222 son propietat de l\u2019Ajuntament de Barcelona i 63 de l\u2019AMB, un nombre superior en ambd\u00f3s casos a les gestionades el darrer semestre del 2024, que eren 191 a Barcelona i 47 a la resta de municipis metropolitans. Aquest creixement reflecteix la consolidaci\u00f3 de la confian\u00e7a institucional en el Grup TERSA i la seva vocaci\u00f3 de servei p\u00fablic, evidenciant l\u2019impuls constant de l\u2019administraci\u00f3 per avan\u00e7ar cap a un model energ\u00e8tic m\u00e9s sostenible.<\/p>\n\n\n\n<p>Pel que fa a la <strong>producci\u00f3 d\u2019energia<\/strong>, les instal\u00b7lacions han generat <strong>2.830.552 kWh<\/strong> durant aquest per\u00edode, una xifra que suposa <strong>un augment del 19,78%<\/strong> respecte al segon semestre de 2024, quan es van generar 2.363.075 kWh. Aquesta energia, d\u2019origen renovable, es destina principalment a l\u2019autoconsum dels edificis municipals o a la seva comercialitzaci\u00f3 a trav\u00e9s de la xarxa.<\/p>\n\n\n\n<p><strong>80 projectes d\u2019assist\u00e8ncia t\u00e8cnica amb l\u2019AMB durant el primer semestre del 2025<\/strong><\/p>\n\n\n\n<p>TERSA segueix col\u00b7laborant activament amb l\u2019\u00c0rea Metropolitana de Barcelona (AMB) en la promoci\u00f3 de projectes fotovoltaics, aportant assist\u00e8ncia t\u00e8cnica al llarg de tot el proc\u00e9s: des de l\u2019elaboraci\u00f3 dels projectes executius fins a la preparaci\u00f3 dels plecs de licitaci\u00f3. Aquest servei d\u2019acompanyament t\u00e8cnic es duu a terme amb els criteris de qualitat, seguretat i salut definits per TERSA, garantint la solidesa i viabilitat de les instal\u00b7lacions, aix\u00ed com el bon desenvolupament dels projectes. Durant el primer semestre de 2025, s\u2019han assessorat 80 projectes de nova promoci\u00f3, <strong>una xifra un 25% superior respecte el segon semestre de 2024<\/strong>, quan se\u2019n van gestionar un total de 64.<\/p>\n\n\n\n<p>Entre els diferents projectes gestionats per TERSA, destaquen les actuacions de manteniment de la ic\u00f2nica p\u00e8rgola del F\u00f2rum de Barcelona aix\u00ed com la supervisi\u00f3 de la instal\u00b7laci\u00f3 de la nova <strong>p\u00e8rgola fotovoltaica situada a Sant Boi de Llobregat<\/strong>, que ser\u00e0 la m\u00e9s potent del territori metropolit\u00e0, amb una capacitat de 3,25 MWp, quatre vegades m\u00e9s gran que la p\u00e8rgola del F\u00f2rum de Barcelona. Amb una superf\u00edcie de 15.334 m\u00b2 i 7.055 panells, <strong>produir\u00e0 anualment 4.442 MWh<\/strong>, suficient per abastir 1.200 llars o 2.400 cotxes el\u00e8ctrics.<\/p>\n\n\n\n<p>TERSA compta amb un equip propi de m\u00e9s <strong>d\u2019una dotzena de professionals amb m\u00e9s de 15 anys d\u2019experi\u00e8ncia<\/strong> en el sector de les energies renovables. Aquesta expertesa, combinada amb una aposta decidida per la innovaci\u00f3 i la millora cont\u00ednua, permet a la companyia oferir diferents serveis energ\u00e8tics, contribuint a impulsar la generaci\u00f3 d\u2019energia renovable en l\u2019\u00e0mbit local i el creixement d\u2019aquesta l\u00ednia de negoci, clau en l\u2019estrat\u00e8gia del Grup TERSA.&nbsp;<\/p>\n\n\n\n<p>Com explica <strong>David Prous, director de Transici\u00f3 Energ\u00e8tica del Grup TERSA, \u201c<\/strong>l\u2019objectiu \u00e9s posar el nostre coneixement i la nostra capacitat t\u00e8cnica al servei de les administracions p\u00fabliques, perqu\u00e8 puguin assolir els seus objectius de sostenibilitat amb garanties\u201d. Aix\u00ed, afegeix, \u201c\u2019l\u2019augment del nombre d\u2019instal\u00b7lacions fotovoltaiques i projectes d\u2019assist\u00e8ncia t\u00e8cnica gestionats per TERSA any rere any demostra que la col\u00b7laboraci\u00f3 institucional \u00e9s clau per avan\u00e7ar cap a un futur energ\u00e8tic m\u00e9s responsable i eficient arreu del territori.\u201d<\/p>\n\n\n\n<p>A m\u00e9s, Grup TERSA tamb\u00e9 gestiona altres projectes energ\u00e8tics com <strong>La Teulada<\/strong>, un servei metropolit\u00e0 que assessora ciutadania i PIMEs en autoconsum fotovoltaic i la campanya <strong>Moment Solar Barcelona<\/strong> (a trav\u00e9s de SIRESA), que impulsa la generaci\u00f3 d\u2019energia als terrats dels edificis residencials de la ciutat. Tamb\u00e9 s\u2019encarrega de la gesti\u00f3 t\u00e8cnica del Mecanisme per a l\u2019Energia Sostenible de Barcelona (<strong>MES Barcelona<\/strong>), un programa de finan\u00e7ament p\u00fablic i privat que acompanya la ciutat en la seva transici\u00f3 energ\u00e8tica amb el suport d\u2019inversors privats.<\/p>\n\n\n\n<p>D\u2019aquesta manera, la companyia consolida la seva posici\u00f3 com a aliat clau en la transici\u00f3 energ\u00e8tica dels municipis metropolitans, posant al servei de les administracions p\u00fabliques i de la ciutadania la seva expertesa i solucions t\u00e8cniques en l\u2019\u00e0mbit de les energies renovables.<\/p>\n","protected":false},"excerpt":{"rendered":"<p>Grup TERSA, l\u2019empresa especialitzada en la gesti\u00f3 de serveis ambientals relacionats amb l\u2019economia circular i participada majorit\u00e0riament per l\u2019Ajuntament de Barcelona i l\u2019\u00c0rea Metropolitana de Barcelona (AMB), ha tancat el primer semestre de l\u2019any gestionant un total de 285 instal\u00b7lacions fotovoltaiques. En nom\u00e9s sis mesos, l\u2019activitat ha registrat un creixement del 19,75% respecte al darrer [&hellip;]<\/p>\n","protected":false},"author":2,"featured_media":8183,"comment_status":"closed","ping_status":"open","sticky":false,"template":"","format":"standard","meta":{"footnotes":""},"categories":[134],"tags":[],"class_list":{"0":"post-8743","1":"post","2":"type-post","3":"status-publish","4":"format-standard","5":"has-post-thumbnail","7":"category-actualitat"},"_links":{"self":[{"href":"https:\/\/www.areabesos.com\/diario\/wp-json\/wp\/v2\/posts\/8743","targetHints":{"allow":["GET"]}}],"collection":[{"href":"https:\/\/www.areabesos.com\/diario\/wp-json\/wp\/v2\/posts"}],"about":[{"href":"https:\/\/www.areabesos.com\/diario\/wp-json\/wp\/v2\/types\/post"}],"author":[{"embeddable":true,"href":"https:\/\/www.areabesos.com\/diario\/wp-json\/wp\/v2\/users\/2"}],"replies":[{"embeddable":true,"href":"https:\/\/www.areabesos.com\/diario\/wp-json\/wp\/v2\/comments?post=8743"}],"version-history":[{"count":1,"href":"https:\/\/www.areabesos.com\/diario\/wp-json\/wp\/v2\/posts\/8743\/revisions"}],"predecessor-version":[{"id":8744,"href":"https:\/\/www.areabesos.com\/diario\/wp-json\/wp\/v2\/posts\/8743\/revisions\/8744"}],"wp:featuredmedia":[{"embeddable":true,"href":"https:\/\/www.areabesos.com\/diario\/wp-json\/wp\/v2\/media\/8183"}],"wp:attachment":[{"href":"https:\/\/www.areabesos.com\/diario\/wp-json\/wp\/v2\/media?parent=8743"}],"wp:term":[{"taxonomy":"category","embeddable":true,"href":"https:\/\/www.areabesos.com\/diario\/wp-json\/wp\/v2\/categories?post=8743"},{"taxonomy":"post_tag","embeddable":true,"href":"https:\/\/www.areabesos.com\/diario\/wp-json\/wp\/v2\/tags?post=8743"}],"curies":[{"name":"wp","href":"https:\/\/api.w.org\/{rel}","templated":true}]}}