{"id":8738,"date":"2025-07-09T09:00:00","date_gmt":"2025-07-09T07:00:00","guid":{"rendered":"https:\/\/www.areabesos.com\/diario\/?p=8738"},"modified":"2025-09-24T13:12:31","modified_gmt":"2025-09-24T11:12:31","slug":"una-medida-contra-la-corrupcion-que-no-anunciara-pedro-sanchez","status":"publish","type":"post","link":"https:\/\/www.areabesos.com\/diario\/una-medida-contra-la-corrupcion-que-no-anunciara-pedro-sanchez\/","title":{"rendered":"Una medida contra la corrupci\u00f3n que no anunciar\u00e1 Pedro S\u00e1nchez"},"content":{"rendered":"\n<p>Estoy enviando esto a publicar dos minutos antes de que el presidente comience a exponer su plan nacional contra la corrupci\u00f3n, de momento en min\u00fasculas para que no nos decepcione demasiado y, por mucho que parezca que algunos se rasgan las vestiduras, lo peor es que ninguno de los grupos parlamentarios que son decisivos para su continuidad en la Moncloa le dir\u00e1 a S\u00e1nchez que contra la corrupci\u00f3n, tal como ocurre con tantas enfermedades, m\u00e1s vale prevenir, pues en las leyes para castigarla es muy f\u00e1cil colocar trampas para que puedan librarse los culpables.<\/p>\n\n\n\n<p>Pensando en leyes menos tramposas, no creo que a nadie le quepa la menor duda de que hay un factor, ese tiempo que todo lo termina degradando, que contribuye poderosamente al avance de la corrupci\u00f3n en la gesti\u00f3n p\u00fablica.<\/p>\n\n\n\n<p>Se trata, evidentemente, de la cantidad de tiempo que una persona permanece en las instituciones p\u00fablicas, y son muchas las que llevan d\u00e9cadas.<\/p>\n\n\n\n<p>Esa permanencia en lo p\u00fablico es imprescindible para que se puedan tejer unas confianzas privadas entre corruptores y corruptibles, sea quien sea el que tire la primera piedra, que son imprescindibles para compartir delitos, pues quienes intervienen en corruptelas y corrupciones saben perfectamente que est\u00e1n actuando al margen de la ley y que deben guardar los secretos\u2026, o grabar a sus compinches, por lo que pueda suceder.<\/p>\n\n\n\n<p>Los muchos males que provoca el paso de los a\u00f1os disfrutando de un poder que siempre corrompe (Lord Acton, 1887) solo pueden ser combatidos obligando a cambiar los nombres de los protagonistas cada cierto tiempo. Se llama limitaci\u00f3n de mandatos y es tan f\u00e1cil dar con esta soluci\u00f3n como imposible parece, siquiera, el atreverse a pronunciarla.<\/p>\n\n\n\n<p>De aprobarse una reforma de este tenor, la mayor\u00eda de quienes piensan m\u00e1s en sus intereses privados que en el servicio p\u00fablico comenzar\u00edan por no ofrecerse para hacer pol\u00edtica institucional.<\/p>\n\n\n\n<p>Y estoy convencido de que le saldr\u00eda mucho m\u00e1s barato a la hacienda p\u00fablica, es decir, a toda la sociedad, asegurar una compensaci\u00f3n suficiente a quienes dediquen unos a\u00f1os, pero ni uno m\u00e1s, a hacer pol\u00edtica desde las instituciones, que los costes directos e indirectos que se derivan de una corrupci\u00f3n mucho m\u00e1s generalizada de lo que parece pues, quienes se han puesto a evaluarla, siempre concluyen que estamos hablando de miles de millones.<\/p>\n\n\n\n<p>Digo lo anterior, m\u00e1s que nada, por los muchos campeones de una corrupci\u00f3n incluso condenada en los tribunales que presumen de querer reducir el gasto p\u00fablico para convencernos de que si les compramos su demagogia y sus mentiras (el d\u00eda de las urnas) les saldremos m\u00e1s baratos.<\/p>\n\n\n\n<p>Pero como ni unos ni otros, ojal\u00e1 me equivoque, se atrever\u00e1n con la reforma necesaria para implantar la limitaci\u00f3n de mandatos, me permitir\u00e9 proponer otra que, aunque de menor cuant\u00eda a la hora de enviar pol\u00edticos a otras tareas menos peligrosas para los contribuyentes, a\u00f1ade la virtud de acompa\u00f1ar mejores consecuencias en lo de salvar la democracia, que no ser\u00eda poca cosa.<\/p>\n\n\n\n<p>Me refiero a rejuvenecer para regenerar y nace de la l\u00f3gica tras comprobar que, mientras las personas elegibles de menos de 30 a\u00f1os de edad en el censo electoral superan el 17,2% del total, no llegan ni al 2,6% el de los esca\u00f1os del Congreso ocupados por j\u00f3venes de ese mismo tramo de edad.<\/p>\n\n\n\n<p>Tal ausencia de personas que, por naturaleza, son inc\u00f3modas para quienes tienen algo que ocultar, contribuye, adem\u00e1s, a cultivar la desafecci\u00f3n por la democracia entre millones de j\u00f3venes a quienes solo se les convoca para votar cada cuatro a\u00f1os y no tienen entre sus amigos o conocidos quienes puedan contarles en persona como es la pol\u00edtica desde dentro, m\u00e1s que nada para no caer v\u00edctimas de la demagogia simple y radical de los que pretenden volver a mandar a punta de pistola.<\/p>\n\n\n\n<p>Pedro S\u00e1nchez est\u00e1 a punto de comenzar su intervenci\u00f3n en el Congreso y nada me har\u00eda m\u00e1s feliz que haberme equivocado con el pesimismo que se deduce de esto que yo acabo de escribir y usted, que s\u00ed sabr\u00e1 el resultado, acaba de leer.<\/p>\n\n\n\n<p><span style=\"background-color:#0a0000\" class=\"td_text_highlight_marker\">Domingo Sanz<\/span><\/p>\n\n\n\n<p><\/p>\n","protected":false},"excerpt":{"rendered":"<p>Estoy enviando esto a publicar dos minutos antes de que el presidente comience a exponer su plan nacional contra la corrupci\u00f3n, de momento en min\u00fasculas para que no nos decepcione demasiado y, por mucho que parezca que algunos se rasgan las vestiduras, lo peor es que ninguno de los grupos parlamentarios que son decisivos para [&hellip;]<\/p>\n","protected":false},"author":2,"featured_media":8996,"comment_status":"closed","ping_status":"open","sticky":false,"template":"","format":"standard","meta":{"footnotes":""},"categories":[139],"tags":[],"class_list":{"0":"post-8738","1":"post","2":"type-post","3":"status-publish","4":"format-standard","5":"has-post-thumbnail","7":"category-opinio"},"_links":{"self":[{"href":"https:\/\/www.areabesos.com\/diario\/wp-json\/wp\/v2\/posts\/8738","targetHints":{"allow":["GET"]}}],"collection":[{"href":"https:\/\/www.areabesos.com\/diario\/wp-json\/wp\/v2\/posts"}],"about":[{"href":"https:\/\/www.areabesos.com\/diario\/wp-json\/wp\/v2\/types\/post"}],"author":[{"embeddable":true,"href":"https:\/\/www.areabesos.com\/diario\/wp-json\/wp\/v2\/users\/2"}],"replies":[{"embeddable":true,"href":"https:\/\/www.areabesos.com\/diario\/wp-json\/wp\/v2\/comments?post=8738"}],"version-history":[{"count":1,"href":"https:\/\/www.areabesos.com\/diario\/wp-json\/wp\/v2\/posts\/8738\/revisions"}],"predecessor-version":[{"id":8740,"href":"https:\/\/www.areabesos.com\/diario\/wp-json\/wp\/v2\/posts\/8738\/revisions\/8740"}],"wp:featuredmedia":[{"embeddable":true,"href":"https:\/\/www.areabesos.com\/diario\/wp-json\/wp\/v2\/media\/8996"}],"wp:attachment":[{"href":"https:\/\/www.areabesos.com\/diario\/wp-json\/wp\/v2\/media?parent=8738"}],"wp:term":[{"taxonomy":"category","embeddable":true,"href":"https:\/\/www.areabesos.com\/diario\/wp-json\/wp\/v2\/categories?post=8738"},{"taxonomy":"post_tag","embeddable":true,"href":"https:\/\/www.areabesos.com\/diario\/wp-json\/wp\/v2\/tags?post=8738"}],"curies":[{"name":"wp","href":"https:\/\/api.w.org\/{rel}","templated":true}]}}