{"id":8677,"date":"2025-06-18T11:38:52","date_gmt":"2025-06-18T09:38:52","guid":{"rendered":"https:\/\/www.areabesos.com\/diario\/?p=8677"},"modified":"2025-06-18T12:14:52","modified_gmt":"2025-06-18T10:14:52","slug":"els-premis-futur-cambra-barcelones-nordreconeixen-un-projecte-del-col%c2%b7legi-cultural-debadalona-com-a-millor-treball-final-dfp","status":"publish","type":"post","link":"https:\/\/www.areabesos.com\/diario\/els-premis-futur-cambra-barcelones-nordreconeixen-un-projecte-del-col%c2%b7legi-cultural-debadalona-com-a-millor-treball-final-dfp\/","title":{"rendered":"Els premis Futur Cambra Barcelon\u00e8s Nord reconeixen un projecte del Col\u00b7legi Cultural de Badalona com a millor treball final d\u2019FP"},"content":{"rendered":"\n<p>La Cambra de Comer\u00e7 de Barcelona al Barcelon\u00e8s Nord premia un projecte del Col\u00b7legi Cultural de Badalona com el millor treball final de FP en el marc dels Premis Futur Cambra, que tenen com a finalitat promocionar i divulgar la formaci\u00f3 professional entre el jovent als municipis de l\u2019\u00e0rea del Barcelon\u00e8s Nord. El treball guardonat, impulsat pels alumnes del<br>centre, Javier Mart\u00edn i V\u00edctor Medrano, ofereix la tecnologia per fomentar els h\u00e0bits i valors que ofereix l\u2019esport, tant a nivell individual com col\u00b7lectiu, de manera senzilla.<br>Sota el nom de GymBlob, el projecte guanyador s\u2019emmarca en el CFGS d\u2019Administraci\u00f3 de Sistemes Inform\u00e0tics en Xarxa amb perfil professional en Ciberseguretat i t\u00e9 com a objectiu fomentar els h\u00e0bits i valors de l\u2019esport, especialment entre el jovent. En concret, motiva els usuaris i usu\u00e0ries en la rutina esportiva, acompanyant-los en el seu entrenament i ajudant-los a seguir entrenant i aconseguir els seus objectius. Tamb\u00e9 permet als usuaris compartir les seves rutines i xatejar.<br>L\u2019entrega dels premis s\u2019ha celebrat als jardins del Museu d\u2019hist\u00f2ria de la Immigraci\u00f3 de<br>Catalunya, a Sant Adri\u00e0 del Bes\u00f2s. L\u2019acte ha comptat amb una taula rodona amb la participaci\u00f3 de les empreses Aritex Cading S.A.U, empresa del 1961 amb seu a Badalona del sector de la enginyeria, R.Marti Callis S.A, empresa del 1965 amb seu a Sant Adri\u00e0 del Bes\u00f2s del sector del serveis industrials i Aig\u00fces de Barcelona, empresa publicoprivada responsable de la gesti\u00f3 del cicle integral de l&#8217;aigua a l&#8217;\u00e0rea metropolitana de Barcelona.<br>Durant el debat, els participants han pogut sentir de primera m\u00e0 que s\u2019espera dels joves en el moment d\u2019incorporar-se al mercat laboral per primera vegada i tamb\u00e9 ha servit per retre homenatge al present i futur talent del territori. Aix\u00ed mateix, la jornada ha comptat amb les intervencions de l\u2019alcaldessa de Sant Adri\u00e0 de Bes\u00f3s, Filo Ca\u00f1ete, el president de la Cambra de Comer\u00e7 de Barcelona al Barcelon\u00e8s Nord, Vicen\u00e7 Hern\u00e1ndez i del secretari de la Formaci\u00f3 Professional de la Generalitat de Catalunya, Francesc Roca.<br>Assessora en l\u2019outfit diari i apropar la ci\u00e8ncia als joves, altres projectes finalistes<br>En el marc dels Premis Futur Cambra 2025, s\u2019ha premiat tamb\u00e9 en segona categoria el projecte SmartMirrow de l\u2019Institut La Pineda de Badalona. El treball, liderat per les estudiants Wassima El Aydouni, Raquel Delgado i Maria Lorente, s\u2019emmarca dins el cicle formatiu de grau superior d\u2019Administraci\u00f3 i finances i proposa una eina que ajuda a decidir l\u2019outfit diari mitjan\u00e7ant un mirall intel\u00b7ligent, en el que destaca l\u2019an\u00e0lisi acurada de tots els aspectes necessaris pel desenvolupament del negoci i especialment pel que fa a la pol\u00edtica comercial.<br>Els premis tamb\u00e9 han seleccionat en categoria de finalista l\u2019estudiant Daniel Fern\u00e0ndez, de<br>l\u2019Institut La Pineda de Badalona, pel seu projecte RadioEl\u00e8ctric, una eina que vol apropar la ci\u00e8ncia als joves i, el projecte PadelConnect dels alumnes Marc Fern\u00e0ndez i Paul Ruiz, tamb\u00e9 del Col\u00b7legi Cultural de Badalona.<br>El jurat encarregat de seleccionar els projectes premiats est\u00e0 format per representants dels tres consistoris, empreses i experts del m\u00f3n econ\u00f2mic i de la formaci\u00f3 professional del Barcelon\u00e8s Nord, que han en valor la import\u00e0ncia de la figura dels tutors per cercar l\u2019excel\u00b7l\u00e8ncia en els treballs dels alumnes. El jurat va proposar tamb\u00e9 fer una menci\u00f3 especial al tutor Francesc Juanico de l\u2019Institut Manuel V\u00e1zquez Montalb\u00e1n de Sant Adri\u00e0 del Bes\u00f2s per acompanyar als alumnes de Grau Mig de Sistemes Microinform\u00e0tics i Xarxes a presentar-se als Premis Futur Cambra Barcelon\u00e8s Nord 2025, amb idees notables de negoci que destaquen per la seva alta practicicat.<\/p>\n\n\n\n<div><a href=\"https:\/\/www.areabesos.com\/diario\/wp-content\/uploads\/2025\/06\/Futur-Cambra-Institucions-1024x683.jpg\" class=\"td-modal-image\"><figure class=\"wp-block-image size-large\"><img loading=\"lazy\" decoding=\"async\" width=\"1024\" height=\"683\" src=\"https:\/\/www.areabesos.com\/diario\/wp-content\/uploads\/2025\/06\/Futur-Cambra-Institucions-1024x683.jpg\" alt=\"\" class=\"wp-image-8678\" srcset=\"https:\/\/www.areabesos.com\/diario\/wp-content\/uploads\/2025\/06\/Futur-Cambra-Institucions-1024x683.jpg 1024w, https:\/\/www.areabesos.com\/diario\/wp-content\/uploads\/2025\/06\/Futur-Cambra-Institucions-300x200.jpg 300w, https:\/\/www.areabesos.com\/diario\/wp-content\/uploads\/2025\/06\/Futur-Cambra-Institucions-768x512.jpg 768w, https:\/\/www.areabesos.com\/diario\/wp-content\/uploads\/2025\/06\/Futur-Cambra-Institucions-150x100.jpg 150w, https:\/\/www.areabesos.com\/diario\/wp-content\/uploads\/2025\/06\/Futur-Cambra-Institucions-696x464.jpg 696w, https:\/\/www.areabesos.com\/diario\/wp-content\/uploads\/2025\/06\/Futur-Cambra-Institucions-1068x712.jpg 1068w, https:\/\/www.areabesos.com\/diario\/wp-content\/uploads\/2025\/06\/Futur-Cambra-Institucions.jpg 1200w\" sizes=\"auto, (max-width: 1024px) 100vw, 1024px\" \/><\/figure><\/a><\/div>\n\n\n\n<p><br>Un reconeixements als centres educatius que impulsen la formaci\u00f3 professional Durant la jornada s\u2019ha posat en valor al treball i comprom\u00eds dels centres de formaci\u00f3 i les empreses de la comarca en l\u2019adquisici\u00f3, per part dels joves, de les compet\u00e8ncies personals i professionals necess\u00e0ries per a la transici\u00f3 al m\u00f3n laboral. En concret, els tres consistoris i la corporaci\u00f3 cameral han reconegut el paper dels Instituts La Pineda i Pompeu Fabra, i el Col\u00b7legi Cultural de Badalona, de l\u2019Institut Manuel V\u00e1zquez Montalb\u00e1n de Sant Adri\u00e0 de Bes\u00f2s i l\u2019Institut La Bastida de Santa Coloma de Gramenet, per la seva contribuci\u00f3 i impuls en el desenvolupament de la formaci\u00f3 professional al territori.<br>De fet, la quarta edici\u00f3 d\u2019aquesta iniciativa t\u00e9 com a objectiu treballar per construir un nou<br>model econ\u00f2mic de Catalunya, on la formaci\u00f3 i la incorporaci\u00f3 del talent jove \u00e9s clau per al<br>desenvolupament d\u2019una economia din\u00e0mica i compromesa amb les persones i amb el medi<br>ambient. En aquest sentit, els Premis Futur Cambra del Barcelon\u00e8s Nord tenen la voluntat de recon\u00e8ixer anualment dos projectes guanyadors i dos projectes finalistes presentats per alumnes de cicles formatius de grau mitj\u00e0 i de grau superior i tutoritzats per centres d\u2019ensenyament de Formaci\u00f3 Professional de Badalona, Sant Adri\u00e0 de Bes\u00f2s i Santa Coloma de Gramenet.<\/p>\n\n\n\n<p> <\/p>\n","protected":false},"excerpt":{"rendered":"<p>La Cambra de Comer\u00e7 de Barcelona al Barcelon\u00e8s Nord premia un projecte del Col\u00b7legi Cultural de Badalona com el millor treball final de FP en el marc dels Premis Futur Cambra, que tenen com a finalitat promocionar i divulgar la formaci\u00f3 professional entre el jovent als municipis de l\u2019\u00e0rea del Barcelon\u00e8s Nord. El treball guardonat, [&hellip;]<\/p>\n","protected":false},"author":2,"featured_media":8679,"comment_status":"closed","ping_status":"open","sticky":false,"template":"","format":"standard","meta":{"footnotes":""},"categories":[134],"tags":[],"class_list":{"0":"post-8677","1":"post","2":"type-post","3":"status-publish","4":"format-standard","5":"has-post-thumbnail","7":"category-actualitat"},"_links":{"self":[{"href":"https:\/\/www.areabesos.com\/diario\/wp-json\/wp\/v2\/posts\/8677","targetHints":{"allow":["GET"]}}],"collection":[{"href":"https:\/\/www.areabesos.com\/diario\/wp-json\/wp\/v2\/posts"}],"about":[{"href":"https:\/\/www.areabesos.com\/diario\/wp-json\/wp\/v2\/types\/post"}],"author":[{"embeddable":true,"href":"https:\/\/www.areabesos.com\/diario\/wp-json\/wp\/v2\/users\/2"}],"replies":[{"embeddable":true,"href":"https:\/\/www.areabesos.com\/diario\/wp-json\/wp\/v2\/comments?post=8677"}],"version-history":[{"count":2,"href":"https:\/\/www.areabesos.com\/diario\/wp-json\/wp\/v2\/posts\/8677\/revisions"}],"predecessor-version":[{"id":8682,"href":"https:\/\/www.areabesos.com\/diario\/wp-json\/wp\/v2\/posts\/8677\/revisions\/8682"}],"wp:featuredmedia":[{"embeddable":true,"href":"https:\/\/www.areabesos.com\/diario\/wp-json\/wp\/v2\/media\/8679"}],"wp:attachment":[{"href":"https:\/\/www.areabesos.com\/diario\/wp-json\/wp\/v2\/media?parent=8677"}],"wp:term":[{"taxonomy":"category","embeddable":true,"href":"https:\/\/www.areabesos.com\/diario\/wp-json\/wp\/v2\/categories?post=8677"},{"taxonomy":"post_tag","embeddable":true,"href":"https:\/\/www.areabesos.com\/diario\/wp-json\/wp\/v2\/tags?post=8677"}],"curies":[{"name":"wp","href":"https:\/\/api.w.org\/{rel}","templated":true}]}}