{"id":8669,"date":"2025-06-12T12:42:11","date_gmt":"2025-06-12T10:42:11","guid":{"rendered":"https:\/\/www.areabesos.com\/diario\/?p=8669"},"modified":"2025-06-17T12:48:32","modified_gmt":"2025-06-17T10:48:32","slug":"l-ajuntament-posara-en-marxa-zones-regulades-daparcament-als-barris-de-trajana-i-el-besos","status":"publish","type":"post","link":"https:\/\/www.areabesos.com\/diario\/l-ajuntament-posara-en-marxa-zones-regulades-daparcament-als-barris-de-trajana-i-el-besos\/","title":{"rendered":"L&#8217; Ajuntament posar\u00e0 en marxa zones regulades d&#8217;aparcament als barris de Trajana i el Bes\u00f2s"},"content":{"rendered":"\n<p>El consistori engegar\u00e0 el proper mes de juliol zones regulades d\u2019estacionament per a residents en els barris de Trajana i el Bes\u00f2s per tal de facilitar l\u2019aparcament dels ve\u00efns i ve\u00efnes d\u2019aquests barris, que sovint es troben amb que els espais disponibles estan ocupats per vehicles de fora de la ciutat.<\/p>\n\n\n\n<p>En ambd\u00f3s barris s&#8217;implantar\u00e0&nbsp;<strong>zona verda exclusiva de residents i zona mixta.<\/strong>&nbsp;Al barri del Bes\u00f2s hi haur\u00e0 tamb\u00e9 una&nbsp;<strong>zona taronja<\/strong>&nbsp;en el CEM Bes\u00f2s amb dues hores gratu\u00eftes. L&#8217;estacionament que no estigui regulat ser\u00e0 d&#8217;\u00fas lliure.<\/p>\n\n\n\n<div><a href=\"https:\/\/www.areabesos.com\/diario\/wp-content\/uploads\/2025\/06\/descarga-1.png\" class=\"td-modal-image\"><figure class=\"wp-block-image size-full\"><img loading=\"lazy\" decoding=\"async\" width=\"381\" height=\"282\" src=\"https:\/\/www.areabesos.com\/diario\/wp-content\/uploads\/2025\/06\/descarga-1.png\" alt=\"\" class=\"wp-image-8670\" srcset=\"https:\/\/www.areabesos.com\/diario\/wp-content\/uploads\/2025\/06\/descarga-1.png 381w, https:\/\/www.areabesos.com\/diario\/wp-content\/uploads\/2025\/06\/descarga-1-300x222.png 300w, https:\/\/www.areabesos.com\/diario\/wp-content\/uploads\/2025\/06\/descarga-1-150x111.png 150w\" sizes=\"auto, (max-width: 381px) 100vw, 381px\" \/><\/figure><\/a><\/div>\n\n\n\n<div><a href=\"https:\/\/www.areabesos.com\/diario\/wp-content\/uploads\/2025\/06\/Trajana.png\" class=\"td-modal-image\"><figure class=\"wp-block-image size-full\"><img loading=\"lazy\" decoding=\"async\" width=\"409\" height=\"341\" src=\"https:\/\/www.areabesos.com\/diario\/wp-content\/uploads\/2025\/06\/Trajana.png\" alt=\"\" class=\"wp-image-8671\" srcset=\"https:\/\/www.areabesos.com\/diario\/wp-content\/uploads\/2025\/06\/Trajana.png 409w, https:\/\/www.areabesos.com\/diario\/wp-content\/uploads\/2025\/06\/Trajana-300x250.png 300w, https:\/\/www.areabesos.com\/diario\/wp-content\/uploads\/2025\/06\/Trajana-150x125.png 150w\" sizes=\"auto, (max-width: 409px) 100vw, 409px\" \/><\/figure><\/a><\/div>\n\n\n\n<div><a href=\"https:\/\/www.areabesos.com\/diario\/wp-content\/uploads\/2025\/06\/descarga-2.png\" class=\"td-modal-image\"><figure class=\"wp-block-image size-full\"><img loading=\"lazy\" decoding=\"async\" width=\"412\" height=\"409\" src=\"https:\/\/www.areabesos.com\/diario\/wp-content\/uploads\/2025\/06\/descarga-2.png\" alt=\"\" class=\"wp-image-8672\" srcset=\"https:\/\/www.areabesos.com\/diario\/wp-content\/uploads\/2025\/06\/descarga-2.png 412w, https:\/\/www.areabesos.com\/diario\/wp-content\/uploads\/2025\/06\/descarga-2-300x298.png 300w, https:\/\/www.areabesos.com\/diario\/wp-content\/uploads\/2025\/06\/descarga-2-150x149.png 150w\" sizes=\"auto, (max-width: 412px) 100vw, 412px\" \/><\/figure><\/a><\/div>\n\n\n\n<h3 class=\"wp-block-heading\"><strong>Qui ho pot sol\u00b7licitar?<\/strong><\/h3>\n\n\n\n<p class=\" \">Ho podran demanar els ve\u00efns i ve\u00efnes del barri que compleixin dos requisits: estar empadronats a la ciutat i tenir el vehicle censat a Sant Adri\u00e0. Els negocis podran registrar un vehicle per a cada comer\u00e7. El ve\u00efnat que tingui cotxe de renting o d\u2019empresa i no consti cap de particular al seu nom tamb\u00e9 podr\u00e0 registrar un vehicle.<\/p>\n\n\n\n<p class=\" \">Els vehicles hauran de ser de m\u00e9s de dues rodes i no podran superar les 9 places, els 6 m de longitud ni els 3.500 kg de pes m\u00e0xim autoritzat (PMA)<\/p>\n\n\n\n<h3 class=\"wp-block-heading\"><strong>Com tramitar el distintiu?<\/strong><\/h3>\n\n\n\n<ul class=\"wp-block-list\">\n<li>Per tramitar el distintiu caldr\u00e0 adre\u00e7ar-se a les oficines d\u2019EUSAB (carrer Ricart n\u00fam. 17, local 5, tel. 93 462 09 38). Podreu trobar tota la documentaci\u00f3 que es necessita a la web d&#8217;EUSAB: www.eusab.net.<\/li>\n\n\n\n<li>Tamb\u00e9, al Dip\u00f2sit Municipal es podr\u00e0 recollir i entregar la documentaci\u00f3 les 24 h del dia.<\/li>\n\n\n\n<li>Els ve\u00efns del barri que necessitin atenci\u00f3 personalitzada poden anar als centres seg\u00fcents:<\/li>\n<\/ul>\n\n\n\n<p>*Centre Cultural Bes\u00f2s, els dilluns i dimecres de 17 a 20 h, i els dimecres i divendres de 9.30 a 13 h<\/p>\n\n\n\n<p>*Casal de la Gent Gran de Trajana, els dimarts i dijous de 17 a 20 h<\/p>\n\n\n\n<h3 class=\"wp-block-heading\"><strong>Quan es posa en marxa?<\/strong><\/h3>\n\n\n\n<p class=\" \">La zona regulada s\u2019activar\u00e0 el proper mes de juliol,&nbsp;<strong>l\u2019Ajuntament<\/strong><strong>&nbsp;informar\u00e0 de la data exacta a trav\u00e9s dels canals municipals<\/strong><\/p>\n\n\n\n<h3 class=\"wp-block-heading\"><strong>M\u00e9s informaci\u00f3<\/strong><\/h3>\n\n\n\n<ul class=\"wp-block-list\">\n<li><strong><a href=\"https:\/\/www.sant-adria.cat\/sant-adria-per-temes\/alcaldia\/documents\/2025-1\/carta-zona-verda-trajana-2\">Zona d\u2019aparcament per a residents del barri de Trajana<\/a><\/strong><\/li>\n\n\n\n<li><strong><a href=\"https:\/\/www.sant-adria.cat\/sant-adria-per-temes\/alcaldia\/documents\/2025-1\/carta-zona-verda-besos\" target=\"_blank\" rel=\"noreferrer noopener\">Zona d\u2019aparcament per a residents del barri del Bes\u00f2s<\/a><\/strong><\/li>\n<\/ul>\n","protected":false},"excerpt":{"rendered":"<p>El consistori engegar\u00e0 el proper mes de juliol zones regulades d\u2019estacionament per a residents en els barris de Trajana i el Bes\u00f2s per tal de facilitar l\u2019aparcament dels ve\u00efns i ve\u00efnes d\u2019aquests barris, que sovint es troben amb que els espais disponibles estan ocupats per vehicles de fora de la ciutat. En ambd\u00f3s barris s&#8217;implantar\u00e0&nbsp;zona [&hellip;]<\/p>\n","protected":false},"author":2,"featured_media":8673,"comment_status":"closed","ping_status":"open","sticky":false,"template":"","format":"standard","meta":{"footnotes":""},"categories":[134],"tags":[],"class_list":{"0":"post-8669","1":"post","2":"type-post","3":"status-publish","4":"format-standard","5":"has-post-thumbnail","7":"category-actualitat"},"_links":{"self":[{"href":"https:\/\/www.areabesos.com\/diario\/wp-json\/wp\/v2\/posts\/8669","targetHints":{"allow":["GET"]}}],"collection":[{"href":"https:\/\/www.areabesos.com\/diario\/wp-json\/wp\/v2\/posts"}],"about":[{"href":"https:\/\/www.areabesos.com\/diario\/wp-json\/wp\/v2\/types\/post"}],"author":[{"embeddable":true,"href":"https:\/\/www.areabesos.com\/diario\/wp-json\/wp\/v2\/users\/2"}],"replies":[{"embeddable":true,"href":"https:\/\/www.areabesos.com\/diario\/wp-json\/wp\/v2\/comments?post=8669"}],"version-history":[{"count":1,"href":"https:\/\/www.areabesos.com\/diario\/wp-json\/wp\/v2\/posts\/8669\/revisions"}],"predecessor-version":[{"id":8674,"href":"https:\/\/www.areabesos.com\/diario\/wp-json\/wp\/v2\/posts\/8669\/revisions\/8674"}],"wp:featuredmedia":[{"embeddable":true,"href":"https:\/\/www.areabesos.com\/diario\/wp-json\/wp\/v2\/media\/8673"}],"wp:attachment":[{"href":"https:\/\/www.areabesos.com\/diario\/wp-json\/wp\/v2\/media?parent=8669"}],"wp:term":[{"taxonomy":"category","embeddable":true,"href":"https:\/\/www.areabesos.com\/diario\/wp-json\/wp\/v2\/categories?post=8669"},{"taxonomy":"post_tag","embeddable":true,"href":"https:\/\/www.areabesos.com\/diario\/wp-json\/wp\/v2\/tags?post=8669"}],"curies":[{"name":"wp","href":"https:\/\/api.w.org\/{rel}","templated":true}]}}