{"id":8666,"date":"2025-06-15T11:44:09","date_gmt":"2025-06-15T09:44:09","guid":{"rendered":"https:\/\/www.areabesos.com\/diario\/?p=8666"},"modified":"2025-06-17T11:45:12","modified_gmt":"2025-06-17T09:45:12","slug":"cursos-intensius-de-catala-al-juliol","status":"publish","type":"post","link":"https:\/\/www.areabesos.com\/diario\/cursos-intensius-de-catala-al-juliol\/","title":{"rendered":"Cursos intensius de catal\u00e0 al juliol"},"content":{"rendered":"\n<p><strong>Dilluns 30 de juny i dimarts 1 de juliol<\/strong>&nbsp;s\u00f3n les dates d\u2019inscripci\u00f3 als cursos intensius de catal\u00e0 del CNL de Badalona i Sant Adri\u00e0.<\/p>\n\n\n\n<p>Els cursos s\u00f3n de nivell Inicial, B\u00e0sic 1 i B\u00e0sic 2, tots d\u2019import&nbsp;<strong>gratu\u00eft<\/strong>&nbsp;perqu\u00e8 estan subvencionats al 100 %.<\/p>\n\n\n\n<p>Qui vulgui cursar l\u2019Inicial o el B\u00e0sic 1 pot fer la matr\u00edcula directament, i qui estigui interessat a matricular-se en un B\u00e0sic 2 ha d\u2019acreditar que ha superat un B\u00e0sic 1 o b\u00e9 fer una prova per determinar el nivell, que es pot sol\u00b7licitar fins al 26 de juny en aquest enlla\u00e7:&nbsp;<a href=\"https:\/\/inscripcions.cpnl.cat\/\" target=\"_blank\" rel=\"noreferrer noopener\">https:\/\/inscripcions.cpnl.cat<\/a>.<\/p>\n\n\n\n<p><strong>El proc\u00e9s d&#8217;inscripci\u00f3<\/strong>&nbsp;es pot fer totalment&nbsp;<a href=\"https:\/\/inscripcions.cpnl.cat\/\" target=\"_blank\" rel=\"noreferrer noopener\">en l\u00ednia<\/a>, per\u00f2 tamb\u00e9 us atendrem&nbsp;<strong>presencialment<\/strong>&nbsp;per a qualsevol dubte a l\u2019oficina de la pla\u00e7a de Guillermo Vida\u00f1a i Haro, s\/n (edifici Polidor, 93 381 20 05).<\/p>\n\n\n\n<p>Tota la informaci\u00f3 sobre els cursos i els horaris d\u2019inscripci\u00f3:&nbsp;<\/p>\n\n\n\n<ul class=\"wp-block-list\">\n<li>al web del CNL\u00a0\u00a0<a href=\"http:\/\/www.cpnl.cat\/santadria\" target=\"_blank\" rel=\"noreferrer noopener\">www.cpnl.cat\/santadria<\/a>\u00a0<\/li>\n\n\n\n<li>i a les xarxes socials\u00a0<a href=\"http:\/\/www.facebook.com\/CNLBadalonaSantAdria\" target=\"_blank\" rel=\"noreferrer noopener\">Facebook<\/a>,\u00a0<a href=\"https:\/\/twitter.com\/cnlbdnsab\" target=\"_blank\" rel=\"noreferrer noopener\">X<\/a>\u00a0o\u00a0<a href=\"https:\/\/www.instagram.com\/cnlbdnsab\/\" target=\"_blank\" rel=\"noreferrer noopener\">Instagram<\/a>\u202f\u00a0<\/li>\n<\/ul>\n","protected":false},"excerpt":{"rendered":"<p>Dilluns 30 de juny i dimarts 1 de juliol&nbsp;s\u00f3n les dates d\u2019inscripci\u00f3 als cursos intensius de catal\u00e0 del CNL de Badalona i Sant Adri\u00e0. Els cursos s\u00f3n de nivell Inicial, B\u00e0sic 1 i B\u00e0sic 2, tots d\u2019import&nbsp;gratu\u00eft&nbsp;perqu\u00e8 estan subvencionats al 100 %. Qui vulgui cursar l\u2019Inicial o el B\u00e0sic 1 pot fer la matr\u00edcula directament, [&hellip;]<\/p>\n","protected":false},"author":1,"featured_media":8667,"comment_status":"closed","ping_status":"open","sticky":false,"template":"","format":"standard","meta":{"footnotes":""},"categories":[136],"tags":[],"class_list":{"0":"post-8666","1":"post","2":"type-post","3":"status-publish","4":"format-standard","5":"has-post-thumbnail","7":"category-cultura"},"_links":{"self":[{"href":"https:\/\/www.areabesos.com\/diario\/wp-json\/wp\/v2\/posts\/8666","targetHints":{"allow":["GET"]}}],"collection":[{"href":"https:\/\/www.areabesos.com\/diario\/wp-json\/wp\/v2\/posts"}],"about":[{"href":"https:\/\/www.areabesos.com\/diario\/wp-json\/wp\/v2\/types\/post"}],"author":[{"embeddable":true,"href":"https:\/\/www.areabesos.com\/diario\/wp-json\/wp\/v2\/users\/1"}],"replies":[{"embeddable":true,"href":"https:\/\/www.areabesos.com\/diario\/wp-json\/wp\/v2\/comments?post=8666"}],"version-history":[{"count":1,"href":"https:\/\/www.areabesos.com\/diario\/wp-json\/wp\/v2\/posts\/8666\/revisions"}],"predecessor-version":[{"id":8668,"href":"https:\/\/www.areabesos.com\/diario\/wp-json\/wp\/v2\/posts\/8666\/revisions\/8668"}],"wp:featuredmedia":[{"embeddable":true,"href":"https:\/\/www.areabesos.com\/diario\/wp-json\/wp\/v2\/media\/8667"}],"wp:attachment":[{"href":"https:\/\/www.areabesos.com\/diario\/wp-json\/wp\/v2\/media?parent=8666"}],"wp:term":[{"taxonomy":"category","embeddable":true,"href":"https:\/\/www.areabesos.com\/diario\/wp-json\/wp\/v2\/categories?post=8666"},{"taxonomy":"post_tag","embeddable":true,"href":"https:\/\/www.areabesos.com\/diario\/wp-json\/wp\/v2\/tags?post=8666"}],"curies":[{"name":"wp","href":"https:\/\/api.w.org\/{rel}","templated":true}]}}