{"id":8663,"date":"2025-06-17T11:42:00","date_gmt":"2025-06-17T09:42:00","guid":{"rendered":"https:\/\/www.areabesos.com\/diario\/?p=8663"},"modified":"2025-06-17T11:42:01","modified_gmt":"2025-06-17T09:42:01","slug":"horari-destiu-de-la-canguteca","status":"publish","type":"post","link":"https:\/\/www.areabesos.com\/diario\/horari-destiu-de-la-canguteca\/","title":{"rendered":"Horari d&#8217;estiu de la Canguteca"},"content":{"rendered":"\n<p>La Canguteca, el servei gratu\u00eft de canguratge per a infants de 3 a 12 anys,&nbsp; mant\u00e9 obertes les seves portes durant tot l\u2019estiu, incl\u00f2s el mes d\u2019agost. Amb un horari d\u2019estiu que s\u2019est\u00e9n del 23 de juny al 5 de setembre, el servei estar\u00e0 disponible de dilluns a divendres, de 10 a 13 h.<\/p>\n\n\n\n<p>Aquest espai, pensat per facilitar la conciliaci\u00f3 familiar, ofereix activitats l\u00fadiques i segures per als m\u00e9s petits. Les fam\u00edlies interessades poden inscriure&#8217;s a trav\u00e9s d&#8217;aquest enlla\u00e7 i un cop inscrites ja poden reservar els dies que desitgen (Un m\u00e0xim de dos a la setmana)<\/p>\n","protected":false},"excerpt":{"rendered":"<p>La Canguteca, el servei gratu\u00eft de canguratge per a infants de 3 a 12 anys,&nbsp; mant\u00e9 obertes les seves portes durant tot l\u2019estiu, incl\u00f2s el mes d\u2019agost. Amb un horari d\u2019estiu que s\u2019est\u00e9n del 23 de juny al 5 de setembre, el servei estar\u00e0 disponible de dilluns a divendres, de 10 a 13 h. Aquest [&hellip;]<\/p>\n","protected":false},"author":2,"featured_media":8664,"comment_status":"closed","ping_status":"open","sticky":false,"template":"","format":"standard","meta":{"footnotes":""},"categories":[135],"tags":[],"class_list":{"0":"post-8663","1":"post","2":"type-post","3":"status-publish","4":"format-standard","5":"has-post-thumbnail","7":"category-societat"},"_links":{"self":[{"href":"https:\/\/www.areabesos.com\/diario\/wp-json\/wp\/v2\/posts\/8663","targetHints":{"allow":["GET"]}}],"collection":[{"href":"https:\/\/www.areabesos.com\/diario\/wp-json\/wp\/v2\/posts"}],"about":[{"href":"https:\/\/www.areabesos.com\/diario\/wp-json\/wp\/v2\/types\/post"}],"author":[{"embeddable":true,"href":"https:\/\/www.areabesos.com\/diario\/wp-json\/wp\/v2\/users\/2"}],"replies":[{"embeddable":true,"href":"https:\/\/www.areabesos.com\/diario\/wp-json\/wp\/v2\/comments?post=8663"}],"version-history":[{"count":1,"href":"https:\/\/www.areabesos.com\/diario\/wp-json\/wp\/v2\/posts\/8663\/revisions"}],"predecessor-version":[{"id":8665,"href":"https:\/\/www.areabesos.com\/diario\/wp-json\/wp\/v2\/posts\/8663\/revisions\/8665"}],"wp:featuredmedia":[{"embeddable":true,"href":"https:\/\/www.areabesos.com\/diario\/wp-json\/wp\/v2\/media\/8664"}],"wp:attachment":[{"href":"https:\/\/www.areabesos.com\/diario\/wp-json\/wp\/v2\/media?parent=8663"}],"wp:term":[{"taxonomy":"category","embeddable":true,"href":"https:\/\/www.areabesos.com\/diario\/wp-json\/wp\/v2\/categories?post=8663"},{"taxonomy":"post_tag","embeddable":true,"href":"https:\/\/www.areabesos.com\/diario\/wp-json\/wp\/v2\/tags?post=8663"}],"curies":[{"name":"wp","href":"https:\/\/api.w.org\/{rel}","templated":true}]}}