{"id":8661,"date":"2025-06-17T11:36:25","date_gmt":"2025-06-17T09:36:25","guid":{"rendered":"https:\/\/www.areabesos.com\/diario\/?p=8661"},"modified":"2025-06-17T11:36:25","modified_gmt":"2025-06-17T09:36:25","slug":"consulta-publica-previa-a-laprovacio-de-lordenanca-reguladora-de-lus-de-les-instal%c2%b7lacions-esportives-municipals","status":"publish","type":"post","link":"https:\/\/www.areabesos.com\/diario\/consulta-publica-previa-a-laprovacio-de-lordenanca-reguladora-de-lus-de-les-instal%c2%b7lacions-esportives-municipals\/","title":{"rendered":"Consulta p\u00fablica pr\u00e8via a l\u2019aprovaci\u00f3 de l\u2019ordenan\u00e7a reguladora de l\u2019\u00fas de les instal\u00b7lacions esportives municipals"},"content":{"rendered":"\n<p>Amb l\u2019objectiu de millorar el funcionament i la gesti\u00f3 de les instal\u00b7lacions esportives l\u2019Ajuntament t\u00e9 la voluntat d\u2019iniciar un proc\u00e9s per aprovar una ordenan\u00e7a reguladora de l\u2019\u00fas de les instal\u00b7lacions esportives municipals, que establir\u00e0 les normes b\u00e0siques per garantir un \u00fas adequat, responsable i c\u00edvic d\u2019aquests espais, aix\u00ed com per fomentar una pr\u00e0ctica esportiva segura i respectuosa amb l\u2019entorn.<\/p>\n\n\n\n<p>Les instal\u00b7lacions esportives municipals estan pensades per promoure l\u2019activitat f\u00edsica entre la ciutadania, les entitats esportives, els centres docents i altres col\u00b7lectius. Tanmateix, la manca d\u2019una ordenan\u00e7a ha generat certes dificultats en la gesti\u00f3 di\u00e0ria, tant en situacions ordin\u00e0ries com extraordin\u00e0ries.<\/p>\n\n\n\n<p>La seva redacci\u00f3 i aprovaci\u00f3 dona compliment a l\u2019actual Pla director d&#8217;instal\u00b7lacions i equipaments esportius de Catalunya, el qual determina que els equipaments que donin serveis esportius han de disposar d\u2019un reglament d\u2019\u00fas que ha d\u2019estar a l\u2019abast de totes les persones usu\u00e0ries.<\/p>\n\n\n\n<p>Sota principis de&nbsp;<strong>salut i responsabilitat ambiental<\/strong>, l\u2019ordenan\u00e7a pret\u00e9n:<\/p>\n\n\n\n<p class=\" \">&#8211; Establir les condicions generals d\u2019\u00fas que permeti unificar criteris i evitar malentesos alhora de donar resposta a les diverses situacions que es puguin plantejar en l\u2019\u00fas dels espais esportius.<\/p>\n\n\n\n<p class=\" \">&#8211; Facilitar l\u2019acc\u00e9s als equipaments, ampliar-ne les possibilitats d\u2019\u00fas i assegurar el seu gaudi en les millors condicions.<\/p>\n\n\n\n<p class=\" \">&#8211; Garantir el correcte manteniment dels equipaments.<\/p>\n\n\n\n<p class=\" \">&#8211; Prevenir actes vand\u00e0lics.<\/p>\n\n\n\n<p class=\" \">&#8211; Afavorir la conviv\u00e8ncia i el respecte entre totes les persones usu\u00e0ries.<\/p>\n\n\n\n<p>Com a pas previ a la seva redacci\u00f3 i amb l&#8217;objectiu de garantir la participaci\u00f3 en el procediment d&#8217;elaboraci\u00f3 del text i copsar l\u2019opini\u00f3 de la ciutadania i grups interessats, s\u2019obre un proc\u00e9s de consulta p\u00fablica pr\u00e8via a la&nbsp;<a href=\"https:\/\/participa311-santadria.diba.cat\/processes\/ConsutaPublicaEquipamentsEsportius\" target=\"_blank\" rel=\"noreferrer noopener\">Plataforma Decidim per Sant Adri\u00e0.<\/a>&nbsp;<\/p>\n\n\n\n<p>Fins el dia 30 de juny us podeu informar sobre el proc\u00e9s i podeu fer propostes per introduir a la futura ordenan\u00e7a.&nbsp;<\/p>\n\n\n\n<p>Les aportacions recollides seran valorades i respostes pel personal t\u00e8cnic de l&#8217;equip redactor, a fi de determinar la seva possible introducci\u00f3 al document. Totes les propostes seran incorporades a la documentaci\u00f3 de la tramitaci\u00f3.<\/p>\n\n\n\n<p>A partir del 16 de juliol, es publicar\u00e0 l\u2019esborrany del document que es proposar\u00e0 per la seva aprovaci\u00f3 inicial.<\/p>\n","protected":false},"excerpt":{"rendered":"<p>Amb l\u2019objectiu de millorar el funcionament i la gesti\u00f3 de les instal\u00b7lacions esportives l\u2019Ajuntament t\u00e9 la voluntat d\u2019iniciar un proc\u00e9s per aprovar una ordenan\u00e7a reguladora de l\u2019\u00fas de les instal\u00b7lacions esportives municipals, que establir\u00e0 les normes b\u00e0siques per garantir un \u00fas adequat, responsable i c\u00edvic d\u2019aquests espais, aix\u00ed com per fomentar una pr\u00e0ctica esportiva segura [&hellip;]<\/p>\n","protected":false},"author":2,"featured_media":1891,"comment_status":"closed","ping_status":"open","sticky":false,"template":"","format":"standard","meta":{"footnotes":""},"categories":[134,137],"tags":[],"class_list":{"0":"post-8661","1":"post","2":"type-post","3":"status-publish","4":"format-standard","5":"has-post-thumbnail","7":"category-actualitat","8":"category-esports"},"_links":{"self":[{"href":"https:\/\/www.areabesos.com\/diario\/wp-json\/wp\/v2\/posts\/8661","targetHints":{"allow":["GET"]}}],"collection":[{"href":"https:\/\/www.areabesos.com\/diario\/wp-json\/wp\/v2\/posts"}],"about":[{"href":"https:\/\/www.areabesos.com\/diario\/wp-json\/wp\/v2\/types\/post"}],"author":[{"embeddable":true,"href":"https:\/\/www.areabesos.com\/diario\/wp-json\/wp\/v2\/users\/2"}],"replies":[{"embeddable":true,"href":"https:\/\/www.areabesos.com\/diario\/wp-json\/wp\/v2\/comments?post=8661"}],"version-history":[{"count":1,"href":"https:\/\/www.areabesos.com\/diario\/wp-json\/wp\/v2\/posts\/8661\/revisions"}],"predecessor-version":[{"id":8662,"href":"https:\/\/www.areabesos.com\/diario\/wp-json\/wp\/v2\/posts\/8661\/revisions\/8662"}],"wp:featuredmedia":[{"embeddable":true,"href":"https:\/\/www.areabesos.com\/diario\/wp-json\/wp\/v2\/media\/1891"}],"wp:attachment":[{"href":"https:\/\/www.areabesos.com\/diario\/wp-json\/wp\/v2\/media?parent=8661"}],"wp:term":[{"taxonomy":"category","embeddable":true,"href":"https:\/\/www.areabesos.com\/diario\/wp-json\/wp\/v2\/categories?post=8661"},{"taxonomy":"post_tag","embeddable":true,"href":"https:\/\/www.areabesos.com\/diario\/wp-json\/wp\/v2\/tags?post=8661"}],"curies":[{"name":"wp","href":"https:\/\/api.w.org\/{rel}","templated":true}]}}