{"id":8656,"date":"2025-06-16T10:27:59","date_gmt":"2025-06-16T08:27:59","guid":{"rendered":"https:\/\/www.areabesos.com\/diario\/?p=8656"},"modified":"2025-06-17T10:33:42","modified_gmt":"2025-06-17T08:33:42","slug":"sanchez-debe-comenzar-ya-y-por-arriba-a-regenerar-la-democracia","status":"publish","type":"post","link":"https:\/\/www.areabesos.com\/diario\/sanchez-debe-comenzar-ya-y-por-arriba-a-regenerar-la-democracia\/","title":{"rendered":"S\u00e1nchez debe comenzar ya y por arriba a regenerar la democracia"},"content":{"rendered":"\n<p>\u201cEl poder corrompe y el poder absoluto corrompe absolutamente\u201d dijo Lord Acton, y no recuerdo a nadie que se lo haya discutido Ahora no hay absolutismos como los del XIX, pero s\u00ed poderes pol\u00edticos, econ\u00f3micos, judiciales\u2026 y corrupciones por todas partes.<\/p>\n\n\n\n<p>Durante el siglo XX y tras cuatro d\u00e9cadas de \u201cpoder absoluto\u201d se pact\u00f3 en los 70 una transici\u00f3n que mantuvo en sus puestos incluso a quienes aplicaban la \u201cjusticia\u201d franquista, por lo que siguieron vivas muchas costumbres que alteraban el manejo del dinero p\u00fablico. S\u00f3lo las leyes de la vida pod\u00edan cambiar los nombres de los corruptos.<\/p>\n\n\n\n<p>Del 82 al 96 el PSOE felipista protagoniz\u00f3 casos de financiaci\u00f3n ilegal tan graves como el AVE o FILESA. Tambi\u00e9n otros de personas que se enriquec\u00edan desde sus cargos de confianza, como Rold\u00e1n o Juan Guerra. Y los gobiernos fueron c\u00f3mplices, por ocultaci\u00f3n, de las tropel\u00edas del em\u00e9rito, tal como confes\u00f3 Narcis Serra, ex ministro de Defensa. Porque yo le llamo corrupci\u00f3n a regalar 60 millones de dinero no declarado a su amante Corinna Larsen.<\/p>\n\n\n\n<p>Aznar gobern\u00f3 desde 1996, pero lleg\u00f3 a Moncloa con varios asuntos de corrupci\u00f3n del PP al m\u00e1ximo nivel. A\u00fan me indigna que se descartaran las grabaciones que demostraban la financiaci\u00f3n ilegal del PP porque se hab\u00edan conseguido investigando por narcotr\u00e1fico \u00a1\u00a1a otro miembro del PP!!<\/p>\n\n\n\n<p>Fue el caso Naseiro, tesorero entonces del PP, aunque viv\u00ed m\u00e1s de cerca lo del T\u00fanel de S\u00f3ller, donde se declar\u00f3 probada la financiaci\u00f3n ilegal, pero sin condenas porque el tribunal acept\u00f3 la prescripci\u00f3n. Otro modelo de corrupci\u00f3n fue el del fraude electoral practicado en 1999 con la Operaci\u00f3n MAPAU para ganar las elecciones manipulando los votos del censo CERA.<\/p>\n\n\n\n<p>Despu\u00e9s vinieron momentos estelares como el de \u201cLuis, s\u00e9 fuerte\u201d mientras en G\u00e9nova 13 se romp\u00edan los discos duros a martillazos para destruir pruebas o entraban disfrazados en la casa del ex tesorero en busca de otras. O el mensaje de Cosid\u00f3 a los senadores del PP para que votaran por Marchena porque les garantizaba el control del Tribunal Supremo \u201cpor la puerta de atr\u00e1s\u201d. O el \u201cM. Rajoy\u201d a\u00fan por descifrar. O sea, pura \u201cmafia\u201d, ya que hablan.<\/p>\n\n\n\n<p>Salgo a dar un paseo y mi amigo Alberto me recuerda el regreso de S\u00e1nchez enarbolando la \u201cregeneraci\u00f3n democr\u00e1tica\u201d tras los cinco d\u00edas de reflexi\u00f3n que se tom\u00f3 cuando el juez Peinado arreciaba contra Bego\u00f1a. No he visto ninguna reforma que afecte a la clase pol\u00edtica y sigo pensando que S\u00e1nchez mont\u00f3 el n\u00famero para hacerse la v\u00edctima y conseguir que Illa ganara en Catalunya.<\/p>\n\n\n\n<p>A continuaci\u00f3n, recibo un X antes Twitter que da en el clavo: \u201c<em>Ahora mismo en Espa\u00f1a, si oyes una conversaci\u00f3n en la que se habla de mordidas y putas, no sabes si est\u00e1n hablando del em\u00e9rito, del PP o del PSOE<\/em>\u201d y al instante me viene Carmen Calvo en \u201cEl Pa\u00eds\u201d del 9 de mayo de 2022. Ese d\u00eda no habl\u00f3 del em\u00e9rito, sino de su hijo, y lo que dijo fue grav\u00edsimo.<\/p>\n\n\n\n<p>Tengo que terminar y por m\u00e1s vueltas que le doy llego siempre a la misma conclusi\u00f3n: mientras el jefe del Estado pueda seguir cometiendo toda clase de delitos porque a \u00e9l le da la gana (Carmen Calvo) y adem\u00e1s ostente la \u201cfunci\u00f3n\u201d de MASUFA (art. 62.h de la C.E 1978), los partidos pol\u00edticos que defiendan la monarqu\u00eda seguir\u00e1n disfrutando de \u201cvista gorda\u201d desde una justicia tan dura, en cambio, contra quienes desde parlamentos y gobiernos ganados en las urnas convocan a construir una rep\u00fablica.<\/p>\n\n\n\n<p>Por tanto, no me parece casual que Ayuso haya estado acusando a S\u00e1nchez de querer implantar una rep\u00fablica en Espa\u00f1a desde que lleg\u00f3 a La Moncloa. La \u00faltima vez fue hace diez d\u00edas, el 4 de junio. Quiere convertirlo en un desestabilizador peligroso para que lo desestabilicen a \u00e9l con instrucciones judiciales contra su entorno iniciadas incluso con recortes de prensa.<\/p>\n\n\n\n<p>Pero sin proclamar la III Rep\u00fablica, lo que s\u00ed considero inaceptable es que ni un solo diputado de los que apoyan a S\u00e1nchez le diga que se olvide de sus votos en el Congreso si no inicia ya las reformas necesarias para derogar la Ley (franquista) de Secretos Oficiales y acabar tambi\u00e9n con la impunidad de Felipe VI en los t\u00e9rminos anunciados por Carmen Calvo, es decir, sin necesidad de modificar la Constituci\u00f3n.<\/p>\n\n\n\n<p>Mientras por la calle se cruzan apuestas sobre cu\u00e1ndo disolver\u00e1 S\u00e1nchez el Congreso, sigo pensando que nada contribuir\u00eda m\u00e1s a desmoralizar a muchos corruptos que sentir que est\u00e1n robando en una democracia capaz de abrir la caja de los truenos y recortar privilegios incluso al jefe del Estado.<\/p>\n\n\n\n<p><span style=\"background-color:#090000\" class=\"td_text_highlight_marker\">Domingo Sanz<\/span><\/p>\n\n\n\n<p><\/p>\n","protected":false},"excerpt":{"rendered":"<p>\u201cEl poder corrompe y el poder absoluto corrompe absolutamente\u201d dijo Lord Acton, y no recuerdo a nadie que se lo haya discutido Ahora no hay absolutismos como los del XIX, pero s\u00ed poderes pol\u00edticos, econ\u00f3micos, judiciales\u2026 y corrupciones por todas partes. Durante el siglo XX y tras cuatro d\u00e9cadas de \u201cpoder absoluto\u201d se pact\u00f3 en [&hellip;]<\/p>\n","protected":false},"author":2,"featured_media":8657,"comment_status":"closed","ping_status":"open","sticky":false,"template":"","format":"standard","meta":{"footnotes":""},"categories":[139],"tags":[],"class_list":{"0":"post-8656","1":"post","2":"type-post","3":"status-publish","4":"format-standard","5":"has-post-thumbnail","7":"category-opinio"},"_links":{"self":[{"href":"https:\/\/www.areabesos.com\/diario\/wp-json\/wp\/v2\/posts\/8656","targetHints":{"allow":["GET"]}}],"collection":[{"href":"https:\/\/www.areabesos.com\/diario\/wp-json\/wp\/v2\/posts"}],"about":[{"href":"https:\/\/www.areabesos.com\/diario\/wp-json\/wp\/v2\/types\/post"}],"author":[{"embeddable":true,"href":"https:\/\/www.areabesos.com\/diario\/wp-json\/wp\/v2\/users\/2"}],"replies":[{"embeddable":true,"href":"https:\/\/www.areabesos.com\/diario\/wp-json\/wp\/v2\/comments?post=8656"}],"version-history":[{"count":1,"href":"https:\/\/www.areabesos.com\/diario\/wp-json\/wp\/v2\/posts\/8656\/revisions"}],"predecessor-version":[{"id":8658,"href":"https:\/\/www.areabesos.com\/diario\/wp-json\/wp\/v2\/posts\/8656\/revisions\/8658"}],"wp:featuredmedia":[{"embeddable":true,"href":"https:\/\/www.areabesos.com\/diario\/wp-json\/wp\/v2\/media\/8657"}],"wp:attachment":[{"href":"https:\/\/www.areabesos.com\/diario\/wp-json\/wp\/v2\/media?parent=8656"}],"wp:term":[{"taxonomy":"category","embeddable":true,"href":"https:\/\/www.areabesos.com\/diario\/wp-json\/wp\/v2\/categories?post=8656"},{"taxonomy":"post_tag","embeddable":true,"href":"https:\/\/www.areabesos.com\/diario\/wp-json\/wp\/v2\/tags?post=8656"}],"curies":[{"name":"wp","href":"https:\/\/api.w.org\/{rel}","templated":true}]}}