{"id":8648,"date":"2025-06-13T11:25:02","date_gmt":"2025-06-13T09:25:02","guid":{"rendered":"https:\/\/www.areabesos.com\/diario\/?p=8648"},"modified":"2025-06-13T11:25:04","modified_gmt":"2025-06-13T09:25:04","slug":"que-la-juventud-haga-la-mili-en-los-parlamentos","status":"publish","type":"post","link":"https:\/\/www.areabesos.com\/diario\/que-la-juventud-haga-la-mili-en-los-parlamentos\/","title":{"rendered":"Que la juventud haga la mili en los parlamentos"},"content":{"rendered":"\n<p>Ha sido leer este t\u00edtulo raro y miles de a\u00f1orantes odiadores se han puesto a gozar imaginando a militares j\u00f3venes sacando a Pedro S\u00e1nchez del Congreso para llevarlo a cualquier sitio menos a todos los que quisiera ir el presidente en el ejercicio de su libertad de movimientos.<\/p>\n\n\n\n<p>\u201cMilitares j\u00f3venes\u201d que habr\u00edan actuado a las \u00f3rdenes de uno o varios generales de los que llevan m\u00e1s de 500 d\u00edas despertando antes de lo normal para comprobar que siguen vivos. De lo contrario, todos saben que estar\u00edan en el infierno por cobardes, pues no se han atrevido a cumplir la orden aquella de que \u201cel que pueda hacer que haga\u2026\u201d.<\/p>\n\n\n\n<p>Pero estos generales imaginarios, \u00bfo no?, han borrado de sus memorias que el Aznar que en noviembre de 2023 orden\u00f3 \u201chacer\u201d es el mismo que, con tal de gobernar en 1996, firm\u00f3 el Pacto del Majestic para suprimir la mili a las \u00f3rdenes de unos catalanes que, aunque no se hab\u00edan quitado el agobiante disfraz de no independentistas, s\u00ed ten\u00edan en el Congreso suficientes diputados. Como los que en 2023 exigieron la amnist\u00eda a un S\u00e1nchez que tampoco se da prisa. Aznar tard\u00f3 casi cinco a\u00f1os para lo de la mili.<\/p>\n\n\n\n<p>Todo esto me ha venido a la cabeza porque cuando termino los crucigramas tengo la costumbre de repasar lo que hay escrito en las p\u00e1ginas de papel del mismo peri\u00f3dico. Reconozco que voy despacio, pero acabo de leer la del 27 de mayo de 2024 y veo que al entonces premier brit\u00e1nico Rishi Sunak se le ocurri\u00f3 proponer, menos de un mes y medio antes de las elecciones, una mili obligatoria o voluntaria en su pa\u00eds.<\/p>\n\n\n\n<p>Despu\u00e9s llegaron las urnas y los del partido de Sunak lograron el peor resultado en 200 a\u00f1os de historia. En cambio, en el a\u00f1o 2000 y con la mili a punto de desaparecer de la vida de millones de j\u00f3venes tras el pacto del 96, el PP de Aznar consigui\u00f3 la segunda de las dos \u00fanicas mayor\u00edas absolutas desde que hacen pol\u00edtica con estas siglas. Antes no ten\u00edan competencia.<\/p>\n\n\n\n<p>Por tanto, teniendo en cuenta que volver a implantar la mili no ayudar\u00eda a ganar las elecciones, algo habr\u00e1 que hacer cuando porcentajes importantes de j\u00f3venes se dejan seducir por pol\u00edticos autoritarios que, en realidad, lo que quieren es militarizar a toda la sociedad porque el \u201cordeno y mando\u201d como sistema resulta mucho m\u00e1s c\u00f3modo para gobernar.<\/p>\n\n\n\n<p>Para estudiar el panorama salgo a la calle y miro a las personas con las que me cruzo. Aunque muchas solo tengan ojos para el m\u00f3vil mientras andan, hago una cuenta aproximada de las que podr\u00edan tener entre 18 y 30 a\u00f1os de edad.<\/p>\n\n\n\n<p>Como las personas de ese grupo podr\u00edan ocupar esca\u00f1os, pero sin llevar armas, en el Congreso, en los dem\u00e1s parlamentos y en los ayuntamientos, busco en Internet p\u00e1ginas de esas instituciones y aparecen las caras de sus miembros, con la ventaja de que todas me miran de frente y, la inmensa mayor\u00eda, sonriendo. Comienzo a hacer la cuenta y por cada vez que aparece alguien joven en la pantalla me hab\u00eda cruzado con casi siete tambi\u00e9n j\u00f3venes en la calle.<\/p>\n\n\n\n<p>Deduzco entonces que, casi medio siglo despu\u00e9s, en los parecidos de las pir\u00e1mides de edades Adolfo Su\u00e1rez fracas\u00f3 en su intento de conseguir que lo que era normal en la calle fuera tambi\u00e9n lo normal en la pol\u00edtica. S\u00ed se consigui\u00f3, por fin, en los porcentajes de hombres y mujeres, pero lo de la juventud se resiste.<\/p>\n\n\n\n<p>En marzo de 2024 se celebr\u00f3 la III Cumbre para la Democracia que hab\u00eda convocado Biden, un evento que no es f\u00e1cil que se repita con Trump. Aunque solo fuera por eso, resultar\u00eda muy conveniente que Pedro S\u00e1nchez cumpliera con lo de \u201cintegrar a la juventud en la toma de decisiones\u201d que proclam\u00f3 ante todo el mundo durante su intervenci\u00f3n en el evento.<\/p>\n\n\n\n<p>Al margen de a\u00f1orantes de la dictadura franquista como Aguirre, usted sabe que lo de \u201ccumplir la mili en los parlamentos\u201d solo era un juego de palabras.<\/p>\n\n\n\n<p>En cambio, s\u00ed estoy convencido de que la democracia conseguir\u00eda convertir a millones de decepcionados en firmes defensores si se multiplicara por seis, o incluso menos, el porcentaje de j\u00f3venes implicados en la \u201ctoma de decisiones\u201d.<\/p>\n\n\n\n<p>\u00bfQu\u00e9 tal intentarlo mediante candidaturas que tengan que incluir porcentajes de j\u00f3venes similares a los que existen en el censo electoral?<\/p>\n\n\n\n<p>De lo contrario volver\u00e1n a usarlos para carne de ca\u00f1\u00f3n.<\/p>\n\n\n\n<p><span style=\"background-color:#0a0000\" class=\"td_text_highlight_marker\">Domingo Sanz<\/span><\/p>\n","protected":false},"excerpt":{"rendered":"<p>Ha sido leer este t\u00edtulo raro y miles de a\u00f1orantes odiadores se han puesto a gozar imaginando a militares j\u00f3venes sacando a Pedro S\u00e1nchez del Congreso para llevarlo a cualquier sitio menos a todos los que quisiera ir el presidente en el ejercicio de su libertad de movimientos. \u201cMilitares j\u00f3venes\u201d que habr\u00edan actuado a las [&hellip;]<\/p>\n","protected":false},"author":2,"featured_media":8649,"comment_status":"closed","ping_status":"open","sticky":false,"template":"","format":"standard","meta":{"footnotes":""},"categories":[139],"tags":[],"class_list":{"0":"post-8648","1":"post","2":"type-post","3":"status-publish","4":"format-standard","5":"has-post-thumbnail","7":"category-opinio"},"_links":{"self":[{"href":"https:\/\/www.areabesos.com\/diario\/wp-json\/wp\/v2\/posts\/8648","targetHints":{"allow":["GET"]}}],"collection":[{"href":"https:\/\/www.areabesos.com\/diario\/wp-json\/wp\/v2\/posts"}],"about":[{"href":"https:\/\/www.areabesos.com\/diario\/wp-json\/wp\/v2\/types\/post"}],"author":[{"embeddable":true,"href":"https:\/\/www.areabesos.com\/diario\/wp-json\/wp\/v2\/users\/2"}],"replies":[{"embeddable":true,"href":"https:\/\/www.areabesos.com\/diario\/wp-json\/wp\/v2\/comments?post=8648"}],"version-history":[{"count":1,"href":"https:\/\/www.areabesos.com\/diario\/wp-json\/wp\/v2\/posts\/8648\/revisions"}],"predecessor-version":[{"id":8650,"href":"https:\/\/www.areabesos.com\/diario\/wp-json\/wp\/v2\/posts\/8648\/revisions\/8650"}],"wp:featuredmedia":[{"embeddable":true,"href":"https:\/\/www.areabesos.com\/diario\/wp-json\/wp\/v2\/media\/8649"}],"wp:attachment":[{"href":"https:\/\/www.areabesos.com\/diario\/wp-json\/wp\/v2\/media?parent=8648"}],"wp:term":[{"taxonomy":"category","embeddable":true,"href":"https:\/\/www.areabesos.com\/diario\/wp-json\/wp\/v2\/categories?post=8648"},{"taxonomy":"post_tag","embeddable":true,"href":"https:\/\/www.areabesos.com\/diario\/wp-json\/wp\/v2\/tags?post=8648"}],"curies":[{"name":"wp","href":"https:\/\/api.w.org\/{rel}","templated":true}]}}