{"id":8643,"date":"2025-06-05T12:53:33","date_gmt":"2025-06-05T10:53:33","guid":{"rendered":"https:\/\/www.areabesos.com\/diario\/?p=8643"},"modified":"2025-06-05T12:53:34","modified_gmt":"2025-06-05T10:53:34","slug":"arriba-la-segona-edicio-del-cryptshow-literari","status":"publish","type":"post","link":"https:\/\/www.areabesos.com\/diario\/arriba-la-segona-edicio-del-cryptshow-literari\/","title":{"rendered":"Arriba la segona edici\u00f3 del Cryptshow Literari"},"content":{"rendered":"\n<p>El pr\u00f2xim dissabte 28 de juny, el Cryptshow presenta la 2a edici\u00f3 del seu espai literari, una jornada plena de llibres que exploren els l\u00edmits de la narrativa fant\u00e0stica i l\u2019assaig. L\u2019acte tindr\u00e0 lloc al badiu l\u2019Hostal Solimar (Carrer de la Caritat, 29, Badalona), amb acc\u00e9s f\u00e0cil des de la Renfe i el metro (Badalona-Pompeu Fabra).<br><br>El Cryptshow Literari 2025 reunir\u00e0 una selecci\u00f3 de veus destacades de l\u2019escena catalana contempor\u00e0nia, amb un programa de presentacions i di\u00e0legs que comen\u00e7ar\u00e0 a les 17:15 h.<br><br><strong>Programa d\u2019activitats<\/strong><\/p>\n\n\n\n<ul class=\"wp-block-list\">\n<li>17:15 h \u2013 Presentaci\u00f3 del n\u00famero 39 del fanzine <em>El Buque Maldito<\/em>, amb Diego L\u00f3pez.<\/li>\n\n\n\n<li>17:30 h \u2013 Conversa amb Mida Porta, autora de <em>La nova realitat <\/em>(Sp\u00e8cula), i Jordi Casals, editor i escriptor.<\/li>\n\n\n\n<li>18:15 h \u2013 Xerrada amb Elisenda Solsona, autora de <em>Sat\u00e8l\u00b7lits <\/em>i <em>Mammalia <\/em>(Males Herbes), premiats als Premis Ictineu.<\/li>\n\n\n\n<li>19:00 h \u2013 Presentaci\u00f3 del c\u00f2mic <em>Esqueixos<\/em> (Males Herbes, 2025) amb Toni Benages i Elisenda Solsona, que adapta el seu conte \u00abVies\u00bb.<\/li>\n\n\n\n<li>19:15 h \u2013 Presentaci\u00f3 de l\u2019assaig musical <em>Un cortocircuito formidable. De los Kinks a Merzbow: un continuum del ruido<\/em> (Alpha Decay), i xerrada amb el seu autor, Oriol Rosell.<\/li>\n<\/ul>\n\n\n\n<p>Amb aquesta segona edici\u00f3, el <strong>Cryptshow Literari <\/strong>es consolida com un espai de trobada per a lectors, escriptors i editors que busquen descobrir noves veus, formats i discursos que es mouen fora dels circuits convencionals.<br>L\u2019acte estar\u00e0 presentat pel periodista David Gonz\u00e1lez i moderat per l\u2019editor i escriptor Llu\u00eds Rueda. Hi trobareu una paradeta de llibres gr\u00e0cies a la col\u00b7laboraci\u00f3 de la <strong>Llibreria Mitja Mosca<\/strong>, i comptarem amb un refrigeri a c\u00e0rrec de Can Comas, Cristina Guill\u00e9n i Kusfollin. L&#8217;esdeveniment es du a terme tamb\u00e9 gr\u00e0cies a la col\u00b7laboraci\u00f3 de l&#8217;Hostal Solimar, l\u2019ajuntament de Badalona i La Perif\u00e8rica.<\/p>\n\n\n\n<p>Entrada lliure fins a completar aforament.<\/p>\n\n\n\n<p><strong>Diego L\u00f3pez-Fern\u00e1ndez <\/strong>(Barcelona, 1977) \u00e9s reconegut per la seva tasca de recuperaci\u00f3 i divulgaci\u00f3 del cinema de g\u00e8nere, especialment del fant\u00e0stic i de terror espanyol. La seva obra documental i editorial ha contribu\u00eft significativament a la preservaci\u00f3 i difusi\u00f3 d&#8217;aquest patrimoni cinematogr\u00e0fic. Ha dirigit i escrit diversos documentals centrats en el cinema de g\u00e8nere, com <em>Herederos de la bestia<\/em> (2016), <em>Jack Taylor, testigo del fant\u00e1stico <\/em>(2018),<em> La Dama del Fantaterror <\/em>(2020), <em>[REC]: Terror sin pausa (<\/em>2022) o<em> Blackcelona: Una historia de metal sat\u00e1nico <\/em>(2024). Des de 2005 (fa 25 anys), dirigeix el fanz\u00edn especialitzat en cinema fant\u00e0stic i de terror <em>El Buque Maldito<\/em>. \u00c9s el responsable de la secci\u00f3 Brigadoon del Festival Internacional de Cinema Fant\u00e0stic de Catalunya.<\/p>\n\n\n\n<p><strong>Mida Porta<\/strong> (Barcelona, 1970). Qu\u00edmica ambiental de formaci\u00f3, ha treballat m\u00e9s de trenta anys en el camp del medi ambient, en \u00e0mbits com la gesti\u00f3 forestal, l\u2019obra civil, o la ind\u00fastria. Apassionada de la literatura i la natura, surt a la muntanya des de l\u2019adolesc\u00e8ncia. Va formar-se com a escriptora al Laboratori de Lletres i a l\u2019escola d\u2019Escriptura Natural. Ha guanyat diversos premis tant de relat com de poesia. La <em>Nova Realitat<\/em> \u00e9s la seva primera novel\u00b7la.<\/p>\n\n\n\n<p><strong>Jordi Casals i Merch\u00e1n <\/strong>(Barcelona, 1976) \u00e9s professor de llengua i literatura i escriptor i m\u00fasic. Llicenciat en Filologia Hisp\u00e0nica per la UB, \u00e9s tamb\u00e9 autor de <em>Muerte por funky o el Eutanasio, Telecaster Circus <\/em>i <em>Ratafia Supernova<\/em>, tots tres de Laertes, on dirigeix \u200bla col\u00b7lecci\u00f3 de g\u00e8nere fant\u00e0stic &#8216;L&#8217;Arc\u00e0&#8217;. L&#8217;any 2022 es va publicar <em>Fes picar els anells <\/em>(Llibres del Delicte), una novel\u00b7la que combina la ci\u00e8ncia ficci\u00f3 i el g\u00e8nere noir. Tamb\u00e9 \u00e9s membre de l&#8217;associaci\u00f3 El Biblionauta i recentment ha llan\u00e7at una empremta de g\u00e8nere centrada en els autors catalans: Sp\u00e8cula.<\/p>\n\n\n\n<p><strong>Elisenda Solsona <\/strong>(Olesa de Montserrat, 1984) \u00e9s escriptora i professora de secund\u00e0ria. \u00c9s llicenciada en Humanitats per la Universitat Pompeu Fabra i en Comunicaci\u00f3 Audiovisual per la Universitat de Barcelona. Ha publicat <em>Cirurgies<\/em> (Voliana Edicions, 2016) i <em>Sat\u00e8l\u00b7lits<\/em> (Males Herbes, 2019) amb qu\u00e8 ha guanyat el Premi Imperdibles 2020 a millor llibre fant\u00e0stic en catal\u00e0 i el Premi Ictineu 2020 a millor recull i a millor conte en catal\u00e0. Ha participat en l\u2019antologia <em>Aut\u00f2ctones<\/em> (editorial Comanegra, 2023) i en el recull de relats <em>The Valancourt Book of World Horror Stories<\/em> (editorial Valancourt, 2020) amb el conte \u00abMechanisms\u00bb (traducci\u00f3 de Mara Faye Lethem del conte \u00abEngranatges\u00bb dins de <em>Sat\u00e8l\u00b7lits<\/em>). Les seves darreres obres s\u00f3n la premiada <em>Mammalia <\/em>(2024) i l&#8217;adaptaci\u00f3 del seu relat \u00abVies\u00bb en el c\u00f2mic <em>Esqueixos<\/em> (Toni Benages, 2025), totes dues obres publicades per Males Herbes.<\/p>\n\n\n\n<p><strong>Toni Benages i Gallard<\/strong> (Badalona, 1970). Director del Crypshow Festival, dibuixant, il\u00b7lustrador, cartellista\u2026 Autor dels \u00e0lbums T<em>otal Wars <\/em>(Scifiworlds Comics, 2011) i <em>Las manos en los bolsillos<\/em>, amb gui\u00f3 de Pablo Herranz (Edicions de Ponent, 2006). Ha dibuixat a Scifiworld, la Revista Xiulit i El petit S\u00e0piens. Promotor de la revista La Cripta (2012), entinta l\u2019\u00e0lbum de Rub\u00e9n Pellejero i Christoper <em>The long and winding road<\/em> (Kenneseditions, 2016) i col\u00b7labora amb David Gonz\u00e1lez en el programa <em>This is not another freaky TV Show<\/em>. Entre les seves obres destaquen <em>Les extraordin\u00e0ries aventures de Francesc Pujols<\/em> (2015, Sebasti\u00e0 Roig i Toni Benages), <em>La joia de viure<\/em> (2017, Juli\u00e0 Guillamon i Toni Benages), o la recent <em>Esqueixos<\/em>, totes publicades per Males Herbes. De la m\u00e0 de Grup 62 tamb\u00e9 va publicar <em>Llibre de cavalleries <\/em>(2020), de Joan Perucho, amb gui\u00f3 de Juli\u00e0 Guillam\u00f3n.<\/p>\n\n\n\n<p><strong>Oriol Rosell<\/strong> (Barcelona, 1972) \u00e9s cr\u00edtic i divulgador cultural i professor d&#8217;Hist\u00f2ria i Est\u00e8tica de la M\u00fasica Electr\u00f2nica, Narrativa Audiovisual i Dramat\u00fargia del So. Despr\u00e9s de dues d\u00e8cades al periodisme cultural, actualment \u00e9s responsable del programa <em>La Hist\u00f2ria Secreta<\/em> i de l&#8217;espai \u00abLa Biblioteca Inflamable\u00bb, dedicat a la literatura de no-ficci\u00f3, a R\u00e0dio 4, aix\u00ed com del blog\/p\u00f2dcast <em>T\u00e1cticas de choque<\/em>. Ha compost bandes sonores per a la dansa i el teatre i \u00e9s la meitat del duo de punk electr\u00f2nic Dead Normal. <em>Un cortocircuito formidable <\/em>\u00e9s el seu primer assaig. L\u2019any 2024 va prologar y coordinar, juntamente amb Federico Fdez Giordano, l\u2019assaig musical <em>Teor\u00eda Black Metal<\/em> (Holobionte Ediciones).<\/p>\n","protected":false},"excerpt":{"rendered":"<p>El pr\u00f2xim dissabte 28 de juny, el Cryptshow presenta la 2a edici\u00f3 del seu espai literari, una jornada plena de llibres que exploren els l\u00edmits de la narrativa fant\u00e0stica i l\u2019assaig. L\u2019acte tindr\u00e0 lloc al badiu l\u2019Hostal Solimar (Carrer de la Caritat, 29, Badalona), amb acc\u00e9s f\u00e0cil des de la Renfe i el metro (Badalona-Pompeu [&hellip;]<\/p>\n","protected":false},"author":2,"featured_media":8644,"comment_status":"closed","ping_status":"open","sticky":false,"template":"","format":"standard","meta":{"footnotes":""},"categories":[136],"tags":[],"class_list":{"0":"post-8643","1":"post","2":"type-post","3":"status-publish","4":"format-standard","5":"has-post-thumbnail","7":"category-cultura"},"_links":{"self":[{"href":"https:\/\/www.areabesos.com\/diario\/wp-json\/wp\/v2\/posts\/8643","targetHints":{"allow":["GET"]}}],"collection":[{"href":"https:\/\/www.areabesos.com\/diario\/wp-json\/wp\/v2\/posts"}],"about":[{"href":"https:\/\/www.areabesos.com\/diario\/wp-json\/wp\/v2\/types\/post"}],"author":[{"embeddable":true,"href":"https:\/\/www.areabesos.com\/diario\/wp-json\/wp\/v2\/users\/2"}],"replies":[{"embeddable":true,"href":"https:\/\/www.areabesos.com\/diario\/wp-json\/wp\/v2\/comments?post=8643"}],"version-history":[{"count":1,"href":"https:\/\/www.areabesos.com\/diario\/wp-json\/wp\/v2\/posts\/8643\/revisions"}],"predecessor-version":[{"id":8645,"href":"https:\/\/www.areabesos.com\/diario\/wp-json\/wp\/v2\/posts\/8643\/revisions\/8645"}],"wp:featuredmedia":[{"embeddable":true,"href":"https:\/\/www.areabesos.com\/diario\/wp-json\/wp\/v2\/media\/8644"}],"wp:attachment":[{"href":"https:\/\/www.areabesos.com\/diario\/wp-json\/wp\/v2\/media?parent=8643"}],"wp:term":[{"taxonomy":"category","embeddable":true,"href":"https:\/\/www.areabesos.com\/diario\/wp-json\/wp\/v2\/categories?post=8643"},{"taxonomy":"post_tag","embeddable":true,"href":"https:\/\/www.areabesos.com\/diario\/wp-json\/wp\/v2\/tags?post=8643"}],"curies":[{"name":"wp","href":"https:\/\/api.w.org\/{rel}","templated":true}]}}