{"id":8637,"date":"2025-06-03T12:43:02","date_gmt":"2025-06-03T10:43:02","guid":{"rendered":"https:\/\/www.areabesos.com\/diario\/?p=8637"},"modified":"2025-06-05T12:50:35","modified_gmt":"2025-06-05T10:50:35","slug":"la-carrera-de-la-ela-vuelve-a-llenar-las-calles-de-corredores-y-solidaridad","status":"publish","type":"post","link":"https:\/\/www.areabesos.com\/diario\/la-carrera-de-la-ela-vuelve-a-llenar-las-calles-de-corredores-y-solidaridad\/","title":{"rendered":"La carrera de la ELA vuelve a llenar las calles de corredores y solidaridad"},"content":{"rendered":"\n<p>Este domingo, 1 de junio, se celebr\u00f3 la octava edici\u00f3n de la carrera de la ELA, organizada por el club La Sansi con la colaboraci\u00f3n del Ayuntamiento de Sant Adri\u00e0 de Bes\u00f2s y Esportcat. El objetivo es dar a conocer la enfermedad y recaudar dinero para la investigaci\u00f3n. Por eso, parte de la recaudaci\u00f3n y el 100% de las donaciones ser\u00e1n destinadas al Hospital Vall d&#8217;Hebron. En este 2025 se han inscrito cerca de 1.400 personas, que han participado en la carrera de 5 kil\u00f3metros, la caminata y las carreras infantiles.<\/p>\n\n\n\n<p>Antes de la carrera, la alcaldesa, Filo Ca\u00f1ete, conjuntamente con concejales, ha dado un discurso sobre la importancia de dar difusi\u00f3n y luchar contra esta terrible enfermedad, y despu\u00e9s han participado en la caminata.<\/p>\n\n\n\n<p>El ganador en catagor\u00eda masculina fue el atleta Marc Fern\u00e1ndez con 16:10, que entra en el palmar\u00e9s con ilustres ganadores como Janis Viskers, de Letonia; el et\u00edope Safidi; o el marroqu\u00ed Radoune Nour.<\/p>\n\n\n\n<p>En mujeres, la ganadora fue Isabel Rubio con 20:37, que sucede en el palmar\u00e9s, entre otros, a la italiana Giulia Rigodanza, la inglesa Katherine Chaplin, Alba Espinales (Nicaragua) o Inna Lebedeva (Ucrania), ganadoras de anteriores ediciones.<\/p>\n\n\n\n<figure class=\"wp-block-gallery has-nested-images columns-default is-cropped td-modal-on-gallery wp-block-gallery-1 is-layout-flex wp-block-gallery-is-layout-flex\">\n<figure class=\"wp-block-image size-large\"><img loading=\"lazy\" decoding=\"async\" width=\"1024\" height=\"683\" data-id=\"8638\" src=\"https:\/\/www.areabesos.com\/diario\/wp-content\/uploads\/2025\/06\/campio-marc-fernandez-1024x683.jpg\" alt=\"\" class=\"wp-image-8638\" srcset=\"https:\/\/www.areabesos.com\/diario\/wp-content\/uploads\/2025\/06\/campio-marc-fernandez-1024x683.jpg 1024w, https:\/\/www.areabesos.com\/diario\/wp-content\/uploads\/2025\/06\/campio-marc-fernandez-300x200.jpg 300w, https:\/\/www.areabesos.com\/diario\/wp-content\/uploads\/2025\/06\/campio-marc-fernandez-768x512.jpg 768w, https:\/\/www.areabesos.com\/diario\/wp-content\/uploads\/2025\/06\/campio-marc-fernandez-150x100.jpg 150w, https:\/\/www.areabesos.com\/diario\/wp-content\/uploads\/2025\/06\/campio-marc-fernandez-696x464.jpg 696w, https:\/\/www.areabesos.com\/diario\/wp-content\/uploads\/2025\/06\/campio-marc-fernandez-1068x712.jpg 1068w, https:\/\/www.areabesos.com\/diario\/wp-content\/uploads\/2025\/06\/campio-marc-fernandez.jpg 1200w\" sizes=\"auto, (max-width: 1024px) 100vw, 1024px\" \/><\/figure>\n\n\n\n<figure class=\"wp-block-image size-large\"><img loading=\"lazy\" decoding=\"async\" width=\"1024\" height=\"683\" data-id=\"8639\" src=\"https:\/\/www.areabesos.com\/diario\/wp-content\/uploads\/2025\/06\/cursaELA2025_02-1024x683.jpg\" alt=\"\" class=\"wp-image-8639\" srcset=\"https:\/\/www.areabesos.com\/diario\/wp-content\/uploads\/2025\/06\/cursaELA2025_02-1024x683.jpg 1024w, https:\/\/www.areabesos.com\/diario\/wp-content\/uploads\/2025\/06\/cursaELA2025_02-300x200.jpg 300w, https:\/\/www.areabesos.com\/diario\/wp-content\/uploads\/2025\/06\/cursaELA2025_02-768x512.jpg 768w, https:\/\/www.areabesos.com\/diario\/wp-content\/uploads\/2025\/06\/cursaELA2025_02-150x100.jpg 150w, https:\/\/www.areabesos.com\/diario\/wp-content\/uploads\/2025\/06\/cursaELA2025_02-696x464.jpg 696w, https:\/\/www.areabesos.com\/diario\/wp-content\/uploads\/2025\/06\/cursaELA2025_02-1068x712.jpg 1068w, https:\/\/www.areabesos.com\/diario\/wp-content\/uploads\/2025\/06\/cursaELA2025_02.jpg 1200w\" sizes=\"auto, (max-width: 1024px) 100vw, 1024px\" \/><\/figure>\n<figcaption class=\"blocks-gallery-caption wp-element-caption\">Fotograf\u00edas: La Sansi<\/figcaption><\/figure>\n","protected":false},"excerpt":{"rendered":"<p>Este domingo, 1 de junio, se celebr\u00f3 la octava edici\u00f3n de la carrera de la ELA, organizada por el club La Sansi con la colaboraci\u00f3n del Ayuntamiento de Sant Adri\u00e0 de Bes\u00f2s y Esportcat. El objetivo es dar a conocer la enfermedad y recaudar dinero para la investigaci\u00f3n. Por eso, parte de la recaudaci\u00f3n y [&hellip;]<\/p>\n","protected":false},"author":2,"featured_media":8640,"comment_status":"closed","ping_status":"open","sticky":false,"template":"","format":"standard","meta":{"footnotes":""},"categories":[137],"tags":[],"class_list":{"0":"post-8637","1":"post","2":"type-post","3":"status-publish","4":"format-standard","5":"has-post-thumbnail","7":"category-esports"},"_links":{"self":[{"href":"https:\/\/www.areabesos.com\/diario\/wp-json\/wp\/v2\/posts\/8637","targetHints":{"allow":["GET"]}}],"collection":[{"href":"https:\/\/www.areabesos.com\/diario\/wp-json\/wp\/v2\/posts"}],"about":[{"href":"https:\/\/www.areabesos.com\/diario\/wp-json\/wp\/v2\/types\/post"}],"author":[{"embeddable":true,"href":"https:\/\/www.areabesos.com\/diario\/wp-json\/wp\/v2\/users\/2"}],"replies":[{"embeddable":true,"href":"https:\/\/www.areabesos.com\/diario\/wp-json\/wp\/v2\/comments?post=8637"}],"version-history":[{"count":2,"href":"https:\/\/www.areabesos.com\/diario\/wp-json\/wp\/v2\/posts\/8637\/revisions"}],"predecessor-version":[{"id":8642,"href":"https:\/\/www.areabesos.com\/diario\/wp-json\/wp\/v2\/posts\/8637\/revisions\/8642"}],"wp:featuredmedia":[{"embeddable":true,"href":"https:\/\/www.areabesos.com\/diario\/wp-json\/wp\/v2\/media\/8640"}],"wp:attachment":[{"href":"https:\/\/www.areabesos.com\/diario\/wp-json\/wp\/v2\/media?parent=8637"}],"wp:term":[{"taxonomy":"category","embeddable":true,"href":"https:\/\/www.areabesos.com\/diario\/wp-json\/wp\/v2\/categories?post=8637"},{"taxonomy":"post_tag","embeddable":true,"href":"https:\/\/www.areabesos.com\/diario\/wp-json\/wp\/v2\/tags?post=8637"}],"curies":[{"name":"wp","href":"https:\/\/api.w.org\/{rel}","templated":true}]}}