{"id":8634,"date":"2025-06-04T13:39:31","date_gmt":"2025-06-04T11:39:31","guid":{"rendered":"https:\/\/www.areabesos.com\/diario\/?p=8634"},"modified":"2025-06-04T13:39:32","modified_gmt":"2025-06-04T11:39:32","slug":"el-projecte-vesta-fa-balanc","status":"publish","type":"post","link":"https:\/\/www.areabesos.com\/diario\/el-projecte-vesta-fa-balanc\/","title":{"rendered":"El projecte VESTA fa balan\u00e7"},"content":{"rendered":"\n<p>Ahir 2 de juny es va fer balan\u00e7 dels tres primers anys de VESTA, un projecte pioner per oferir acompanyament a dones amb infants a c\u00e0rrec i en situaci\u00f3 de sensellarisme al Bes\u00f2s. La valoraci\u00f3 es va fer en un acte al Consorci de Bes\u00f2s que va comptar amb la participaci\u00f3 de la presidenta del Consorci del Bes\u00f2s i Consellera de Territori, Habitatge i Transici\u00f3 Ecol\u00f2gica, Silvia Paneque i de l\u2019alcaldessa de Sant Adri\u00e0 de Bes\u00f2s, Filo Ca\u00f1ete.<\/p>\n\n\n\n<p>El projecte est\u00e0 adre\u00e7at a fam\u00edlies monomarentals que pateixen situacions d\u2019exclusi\u00f3 residencial greu, a les que es facilita habitatge temporal i acompanyament social, coordinat amb els serveis socials del municipi on viu cada fam\u00edlia. <strong>Durant aquests 3 anys i mig s\u2019ha ofert atenci\u00f3 a 21 fam\u00edlies monomarentals, amb un total de 60 persones,<\/strong> en 20 habitatges (4 a Sant Adri\u00e0 de Bes\u00f2s, 4 a Santa Coloma, 8 a Badalona i 4 a Montcada). 1 fam\u00edlia va ser alta i va sortir del programa a finals de 2023.<\/p>\n\n\n\n<p><strong>La Consellera de Territori, Habitatge i Transici\u00f3 Ecol\u00f2gica, Silvia Paneque<\/strong>, va valorar \u00ab la bona feina de VESTA com a projecte d\u2019acompanyament per a dones amb fills i filles a c\u00e0rrec que no tenen una llar on viure. \u00c9s per aix\u00f2 que el Govern, amb el Consorci del Bes\u00f2s, fem d\u2019engranatge entre entitats i institucions per donar suport a programes com aquest\u201d. Per a la Consellera \u201cVESTA \u00e9s habitatge, fam\u00edlia, suport, dones i oportunitats. Serveix perqu\u00e8 les persones vulnerables puguin recuperar la dignitat el m\u00e9s aviat possible i, per tant, sentin l\u2019estima pr\u00f2pia i la dels altres\u201d. Tamb\u00e9 va destacar que <strong>\u201cEl Govern de Catalunya <\/strong><strong>ha<\/strong><strong> situat l\u2019objectiu de l\u2019habitatge com a prioritari, perqu\u00e8 totes les fam\u00edlies d\u2019arreu del pa\u00eds mereixen poder viure a Catalunya a un preu raonable\u201d.<\/strong><\/p>\n\n\n\n<p><strong>L\u2019alcaldessa de Sant Adri\u00e0<\/strong> va subratllar que \u00ab<strong>l<\/strong><strong>\u2019\u00e8xit del programa VESTA rau en la seva mirada integral per <\/strong><strong>combatre<\/strong><strong> el sensellarisme en un dels col\u00b7lectius m\u00e9s vulnerables, les fam\u00edlies monomarentals, <\/strong><strong>i en el seu enfocament col\u00b7laboratiu\u00bb.<\/strong> Per a Filo Ca\u00f1ete \u00abel tret diferencial \u00e9s l\u2019 acompanyament global a les dones participants en tres aspectes fonamentals: les necessitats b\u00e0siques, l\u2019habitatge i la inserci\u00f3 laboral. La segona clau del seu \u00e8xit \u00e9s la col\u00b7laboraci\u00f3 p\u00fablic-privada i la bona entesa entre les diferents administracions i entitats del tercer sector, que coneixen profundament aquest \u00e0mbit\u00bb. Ca\u00f1ete va assenyalar tamb\u00e9 que el sensellarisme \u00e9s una realitat social molt complexa, \u00abper\u00f2 el VESTA l\u2019est\u00e0 abordant amb resultats molt positius i de manera pionera al Bes\u00f2s, estic segura de que ser\u00e0 un model que seguiran altres ciutats\u00bb.<\/p>\n\n\n\n<h3 class=\"wp-block-heading\"><strong>Un acompanyament hol\u00edstic i intensiu<\/strong><\/h3>\n\n\n\n<p class=\" \">Les fam\u00edlies ateses parteixen d\u2019una situaci\u00f3 de molta fragilitat que afecta moltes \u00e0rees de la persona. A la manca d\u2019habitatge, se sumen la pobresa econ\u00f2mica, les necessitats d\u2019acompanyament social, psicol\u00f2gic, de formaci\u00f3 i ocupabilitat. Cal mencionar que la majoria de dones acompanyades al programa han patit, a m\u00e9s, viol\u00e8ncia masclista. Amb aquesta situaci\u00f3, VESTA ofereix un acompanyament hol\u00edstic per tal d\u2019afavorir la recuperaci\u00f3 de les persones i l\u2019estabilitat residencial, sempre basant-se en l\u2019empoderament de la persona atesa.<\/p>\n\n\n\n<p>De <strong><a href=\"https:\/\/www.institutmetropoli.cat\/ca\/estudi\/trajectories-dexclusio-residencial-de-les-llars-monomarentals-als-municipis-del-besos\/\">l<\/a><a href=\"https:\/\/www.institutmetropoli.cat\/ca\/estudi\/trajectories-dexclusio-residencial-de-les-llars-monomarentals-als-municipis-del-besos\/\">\u2019avaluaci\u00f3 qualitativa del projecte<\/a><\/strong> realitzada per Albert Sales i Laura Porzio, investigadors de l\u2019Institut Metr\u00f2poli, se\u2019n desprenen les conclusions seg\u00fcents:<\/p>\n\n\n\n<ul class=\"wp-block-list\">\n<li>Les llars monomarentals en situaci\u00f3 d\u2019exclusi\u00f3 residencial tenen necessitats complexes que impliquen la coordinaci\u00f3 de diferents sistemes d\u2019atenci\u00f3. En el cas de VESTA, s\u2019ha detectat que <strong>l\u2019acompanyament social intensiu ha estat especialment efectiu.<\/strong> Ha perm\u00e8s la construcci\u00f3 de vincles de confian\u00e7a entre participants i professionals que ha afavorit els processos de recuperaci\u00f3.<\/li>\n\n\n\n<li><strong>L\u2019habitatge estable s\u2019ha erigit en l\u2019element clau en la recuperaci\u00f3 de les fam\u00edlies.<\/strong> D\u2019una banda, poder dotar d\u2019un habitatge per a cada fam\u00edlia ha millorat les relacions maternes filials i la crian\u00e7a; d\u2019un altre, un espai f\u00edsic per refer el propi projecte de vida s\u2019ha vist imprescindible per trencar amb la viol\u00e8ncia masclista i familiar.<\/li>\n<\/ul>\n\n\n\n<ul class=\"wp-block-list\">\n<li><strong>L<\/strong><strong>\u2019acompanyament intensiu i l\u2019estabilitat residencial fan emergir problemes i traumes causats pe<\/strong><strong>r<\/strong><strong> les viol\u00e8ncies viscudes, que posen de manifest la necessitat d\u2019un acompanyament prolongat en el temps per curar ferides profundes<\/strong>. Els tres anys d\u2019estabilitat residencial s\u2019ha evidenciat que tenen un important impacte positiu a les vides de les participants, alhora que s\u2019han vist insuficients per poder accedir al mercat de l\u2019habitatge, que compta amb barreres com el preu del lloguer.<\/li>\n\n\n\n<li><strong>En<\/strong> <strong>les fam\u00edlies monomarentals sense xarxa social de suport, la conciliaci\u00f3 entre formaci\u00f3\/ ocupaci\u00f3 i tasques de cura i crian\u00e7a \u00e9s molt complicada<\/strong>. I s\u2019ha posat de manifest la necessitat que els suports per a la inserci\u00f3 tinguin en consideraci\u00f3 aquest factor d\u2019exclusi\u00f3 del mercat laboral.<\/li>\n\n\n\n<li>Tamb\u00e9 s\u2019ha observat que <strong>obtenir rendes a trav\u00e9s de prestacions \u00e9s prioritari per algunes de les dones soles amb fills i filles a c\u00e0rrec, degut a la impossibilitat d\u2019incorporar-se a una activitat laboral a temps complet o parcial.<\/strong><\/li>\n\n\n\n<li>Un altre resultat de l\u2019estudi ha estat <strong>que l\u2019estabilitat residencial redueix la demanda de serveis d\u2019emerg\u00e8ncia, tant en l\u2019\u00e0mbit social com en el sanitari.<\/strong><\/li>\n<\/ul>\n\n\n\n<p>VESTA es tracta d\u2019una iniciativa conjunta dels Ajuntaments de Badalona, Santa Coloma de Gramenet, Sant Adri\u00e0 de Bes\u00f2s i Montcada i Reixac, de les entitats del Tercer Sector C\u00e0ritas Diocesana de Barcelona, Fundaci\u00f3 Formaci\u00f3 i Treball, Fundaci\u00f3 Mambr\u00e9 i Sant Joan de D\u00e9u-Serveis Socials, i tamb\u00e9 del Consorci del Bes\u00f2s. Compta amb el suport de l\u2019\u00c0rea Metropolitana de Barcelona i de l\u2019Ajuntament de Barcelona.<\/p>\n","protected":false},"excerpt":{"rendered":"<p>Ahir 2 de juny es va fer balan\u00e7 dels tres primers anys de VESTA, un projecte pioner per oferir acompanyament a dones amb infants a c\u00e0rrec i en situaci\u00f3 de sensellarisme al Bes\u00f2s. La valoraci\u00f3 es va fer en un acte al Consorci de Bes\u00f2s que va comptar amb la participaci\u00f3 de la presidenta del [&hellip;]<\/p>\n","protected":false},"author":2,"featured_media":8635,"comment_status":"closed","ping_status":"open","sticky":false,"template":"","format":"standard","meta":{"footnotes":""},"categories":[135],"tags":[],"class_list":{"0":"post-8634","1":"post","2":"type-post","3":"status-publish","4":"format-standard","5":"has-post-thumbnail","7":"category-societat"},"_links":{"self":[{"href":"https:\/\/www.areabesos.com\/diario\/wp-json\/wp\/v2\/posts\/8634","targetHints":{"allow":["GET"]}}],"collection":[{"href":"https:\/\/www.areabesos.com\/diario\/wp-json\/wp\/v2\/posts"}],"about":[{"href":"https:\/\/www.areabesos.com\/diario\/wp-json\/wp\/v2\/types\/post"}],"author":[{"embeddable":true,"href":"https:\/\/www.areabesos.com\/diario\/wp-json\/wp\/v2\/users\/2"}],"replies":[{"embeddable":true,"href":"https:\/\/www.areabesos.com\/diario\/wp-json\/wp\/v2\/comments?post=8634"}],"version-history":[{"count":1,"href":"https:\/\/www.areabesos.com\/diario\/wp-json\/wp\/v2\/posts\/8634\/revisions"}],"predecessor-version":[{"id":8636,"href":"https:\/\/www.areabesos.com\/diario\/wp-json\/wp\/v2\/posts\/8634\/revisions\/8636"}],"wp:featuredmedia":[{"embeddable":true,"href":"https:\/\/www.areabesos.com\/diario\/wp-json\/wp\/v2\/media\/8635"}],"wp:attachment":[{"href":"https:\/\/www.areabesos.com\/diario\/wp-json\/wp\/v2\/media?parent=8634"}],"wp:term":[{"taxonomy":"category","embeddable":true,"href":"https:\/\/www.areabesos.com\/diario\/wp-json\/wp\/v2\/categories?post=8634"},{"taxonomy":"post_tag","embeddable":true,"href":"https:\/\/www.areabesos.com\/diario\/wp-json\/wp\/v2\/tags?post=8634"}],"curies":[{"name":"wp","href":"https:\/\/api.w.org\/{rel}","templated":true}]}}