{"id":8631,"date":"2025-06-02T10:23:05","date_gmt":"2025-06-02T08:23:05","guid":{"rendered":"https:\/\/www.areabesos.com\/diario\/?p=8631"},"modified":"2025-06-02T10:23:06","modified_gmt":"2025-06-02T08:23:06","slug":"lalcaldessa-trasllada-el-seu-despatx-als-barris-de-la-ciutat-durant-un-dia","status":"publish","type":"post","link":"https:\/\/www.areabesos.com\/diario\/lalcaldessa-trasllada-el-seu-despatx-als-barris-de-la-ciutat-durant-un-dia\/","title":{"rendered":"L&#8217;alcaldessa trasllada el seu despatx als barris de la ciutat durant un dia"},"content":{"rendered":"\n<p class=\" \">L\u2019Ajuntament de Sant Adri\u00e0 vol&nbsp;gestionar de manera m\u00e9s efica\u00e7 i eficient les&nbsp;necessitats&nbsp;del&nbsp;ciutadans i ciutadanes&nbsp;amb una atenci\u00f3 m\u00e9s personalitzada i \u00e0gil,&nbsp;promoure la transpar\u00e8ncia&nbsp;i garantir l\u2019accessibilitat dels serveis a tothom. Amb aquest objectiu posar\u00e0 en marxa&nbsp;aquest mes de&nbsp;juny \u00ab<strong>Alcaldia<\/strong><strong>&nbsp;als barris<\/strong><strong>\u00bb<\/strong><strong>.<\/strong><\/p>\n\n\n\n<p class=\" \">Un cop al\u00a0mes\u00a0i durant tota una jornada,\u00a0<strong>l\u2019alcaldessa, Filo Ca\u00f1ete,\u00a0<\/strong>traslladar\u00e0el\u00a0seu despatx a unbarrion\u00a0atendr\u00e0\u00a0les inquietuds\u00a0del\u00a0ve\u00efnat\u00a0i de les entitats\u00a0i desenvolupar\u00e0 l\u2019agenda de reunions, visites i trobades.\u00a0L\u2019alcaldessa estar\u00e0\u00a0acompanyada pel regidor\/a de barri i\u00a0pel regidor\/a responsable\u00a0quan\u00a0s\u2019\u00a0hagi\u00a0de tractar\u00a0un tema\u00a0espec\u00edfic i\u00a0d\u2019especial inter\u00e8s per al ve\u00efnat.<\/p>\n\n\n\n<p class=\" \">Amb aquest nou servei&nbsp;es&nbsp;crear\u00e0 un espai de di\u00e0leg m\u00e9s&nbsp;directe amb el&nbsp;ciutad\u00e0&nbsp;que&nbsp;servir\u00e0&nbsp;per identificar les&nbsp;necessitats&nbsp;concretes&nbsp;de&nbsp;cada barri i adaptar&nbsp;millor les&nbsp;solucions a les seves particularitats.&nbsp;Tamb\u00e9&nbsp;facilitar\u00e0 l\u2019accessibilitat, ja que els ciutadans no hauran de despla\u00e7ar-se a l\u2019edifici municipal sin\u00f3 que ser\u00e0 l&#8217;alcaldessa qui s\u2019apropi per&nbsp;facilitar la comunicaci\u00f3 i&nbsp;escoltar-los.<\/p>\n\n\n\n<p class=\" \">La iniciativa comen\u00e7ar\u00e0 el 16 de juny al barri de Sant Joan Baptista.&nbsp;La carpa d&#8217;&nbsp;<strong>\u00abAlcaldia als barris\u00bb<\/strong>&nbsp;romandr\u00e0 instal\u00b7lada durant tot el dia a la pl. Maci\u00e0 al costat del&nbsp;Refugi&nbsp;Antiaeri.&nbsp;Les properes dates i ubicacions&nbsp;s&#8217;anunciaran a trav\u00e9s dels diferents canals&nbsp;municipals.<\/p>\n","protected":false},"excerpt":{"rendered":"<p>L\u2019Ajuntament de Sant Adri\u00e0 vol&nbsp;gestionar de manera m\u00e9s efica\u00e7 i eficient les&nbsp;necessitats&nbsp;del&nbsp;ciutadans i ciutadanes&nbsp;amb una atenci\u00f3 m\u00e9s personalitzada i \u00e0gil,&nbsp;promoure la transpar\u00e8ncia&nbsp;i garantir l\u2019accessibilitat dels serveis a tothom. Amb aquest objectiu posar\u00e0 en marxa&nbsp;aquest mes de&nbsp;juny \u00abAlcaldia&nbsp;als barris\u00bb. Un cop al\u00a0mes\u00a0i durant tota una jornada,\u00a0l\u2019alcaldessa, Filo Ca\u00f1ete,\u00a0traslladar\u00e0el\u00a0seu despatx a unbarrion\u00a0atendr\u00e0\u00a0les inquietuds\u00a0del\u00a0ve\u00efnat\u00a0i de les entitats\u00a0i desenvolupar\u00e0 [&hellip;]<\/p>\n","protected":false},"author":2,"featured_media":8632,"comment_status":"closed","ping_status":"open","sticky":false,"template":"","format":"standard","meta":{"footnotes":""},"categories":[134],"tags":[],"class_list":{"0":"post-8631","1":"post","2":"type-post","3":"status-publish","4":"format-standard","5":"has-post-thumbnail","7":"category-actualitat"},"_links":{"self":[{"href":"https:\/\/www.areabesos.com\/diario\/wp-json\/wp\/v2\/posts\/8631","targetHints":{"allow":["GET"]}}],"collection":[{"href":"https:\/\/www.areabesos.com\/diario\/wp-json\/wp\/v2\/posts"}],"about":[{"href":"https:\/\/www.areabesos.com\/diario\/wp-json\/wp\/v2\/types\/post"}],"author":[{"embeddable":true,"href":"https:\/\/www.areabesos.com\/diario\/wp-json\/wp\/v2\/users\/2"}],"replies":[{"embeddable":true,"href":"https:\/\/www.areabesos.com\/diario\/wp-json\/wp\/v2\/comments?post=8631"}],"version-history":[{"count":1,"href":"https:\/\/www.areabesos.com\/diario\/wp-json\/wp\/v2\/posts\/8631\/revisions"}],"predecessor-version":[{"id":8633,"href":"https:\/\/www.areabesos.com\/diario\/wp-json\/wp\/v2\/posts\/8631\/revisions\/8633"}],"wp:featuredmedia":[{"embeddable":true,"href":"https:\/\/www.areabesos.com\/diario\/wp-json\/wp\/v2\/media\/8632"}],"wp:attachment":[{"href":"https:\/\/www.areabesos.com\/diario\/wp-json\/wp\/v2\/media?parent=8631"}],"wp:term":[{"taxonomy":"category","embeddable":true,"href":"https:\/\/www.areabesos.com\/diario\/wp-json\/wp\/v2\/categories?post=8631"},{"taxonomy":"post_tag","embeddable":true,"href":"https:\/\/www.areabesos.com\/diario\/wp-json\/wp\/v2\/tags?post=8631"}],"curies":[{"name":"wp","href":"https:\/\/api.w.org\/{rel}","templated":true}]}}