{"id":8626,"date":"2025-05-30T12:31:04","date_gmt":"2025-05-30T10:31:04","guid":{"rendered":"https:\/\/www.areabesos.com\/diario\/?p=8626"},"modified":"2025-05-30T12:35:54","modified_gmt":"2025-05-30T10:35:54","slug":"area-besos-341-maig-2025","status":"publish","type":"post","link":"https:\/\/www.areabesos.com\/diario\/area-besos-341-maig-2025\/","title":{"rendered":"\u00c0rea Bes\u00f2s 341 Maig 2025"},"content":{"rendered":"\n<p>En el n\u00famero de maig de l&#8217;\u00c0rea Bes\u00f2s destaquem la inauguraci\u00f3 de la temporada de bany, amb les dues platges de la ciutat a ple rendiment, despr\u00e9s de 4 anys amb la del Litoral tancada per contaminaci\u00f3 de la sorra. A m\u00e9s, parlem de la suspensi\u00f3 durant un any de l\u2019atorgament i tramitaci\u00f3 de llic\u00e8ncies d\u2019activitats de manicura, fruiteria\/verduleria, supermercats i venda i manteniment de dispositius electr\u00f2nics a l&#8217;eix comercial de l&#8217;avinguda Catalunya i els carrers del voltant.<\/p>\n\n\n<a href=\"https:\/\/www.areabesos.com\/diario\/wp-content\/uploads\/2025\/05\/AB0341.pdf\" class=\"pdfemb-viewer\" style=\"\" data-width=\"max\" data-height=\"max\" data-toolbar=\"both\" data-toolbar-fixed=\"on\">AB0341<\/a>","protected":false},"excerpt":{"rendered":"<p>En el n\u00famero de maig de l&#8217;\u00c0rea Bes\u00f2s destaquem la inauguraci\u00f3 de la temporada de bany, amb les dues platges de la ciutat a ple rendiment, despr\u00e9s de 4 anys amb la del Litoral tancada per contaminaci\u00f3 de la sorra. A m\u00e9s, parlem de la suspensi\u00f3 durant un any de l\u2019atorgament i tramitaci\u00f3 de llic\u00e8ncies [&hellip;]<\/p>\n","protected":false},"author":1,"featured_media":8629,"comment_status":"closed","ping_status":"open","sticky":false,"template":"","format":"standard","meta":{"footnotes":""},"categories":[141],"tags":[],"class_list":{"0":"post-8626","1":"post","2":"type-post","3":"status-publish","4":"format-standard","5":"has-post-thumbnail","7":"category-edicio-impresa"},"_links":{"self":[{"href":"https:\/\/www.areabesos.com\/diario\/wp-json\/wp\/v2\/posts\/8626","targetHints":{"allow":["GET"]}}],"collection":[{"href":"https:\/\/www.areabesos.com\/diario\/wp-json\/wp\/v2\/posts"}],"about":[{"href":"https:\/\/www.areabesos.com\/diario\/wp-json\/wp\/v2\/types\/post"}],"author":[{"embeddable":true,"href":"https:\/\/www.areabesos.com\/diario\/wp-json\/wp\/v2\/users\/1"}],"replies":[{"embeddable":true,"href":"https:\/\/www.areabesos.com\/diario\/wp-json\/wp\/v2\/comments?post=8626"}],"version-history":[{"count":2,"href":"https:\/\/www.areabesos.com\/diario\/wp-json\/wp\/v2\/posts\/8626\/revisions"}],"predecessor-version":[{"id":8630,"href":"https:\/\/www.areabesos.com\/diario\/wp-json\/wp\/v2\/posts\/8626\/revisions\/8630"}],"wp:featuredmedia":[{"embeddable":true,"href":"https:\/\/www.areabesos.com\/diario\/wp-json\/wp\/v2\/media\/8629"}],"wp:attachment":[{"href":"https:\/\/www.areabesos.com\/diario\/wp-json\/wp\/v2\/media?parent=8626"}],"wp:term":[{"taxonomy":"category","embeddable":true,"href":"https:\/\/www.areabesos.com\/diario\/wp-json\/wp\/v2\/categories?post=8626"},{"taxonomy":"post_tag","embeddable":true,"href":"https:\/\/www.areabesos.com\/diario\/wp-json\/wp\/v2\/tags?post=8626"}],"curies":[{"name":"wp","href":"https:\/\/api.w.org\/{rel}","templated":true}]}}