{"id":8621,"date":"2025-05-30T11:14:48","date_gmt":"2025-05-30T09:14:48","guid":{"rendered":"https:\/\/www.areabesos.com\/diario\/?p=8621"},"modified":"2025-05-30T11:15:49","modified_gmt":"2025-05-30T09:15:49","slug":"xerrada-sobre-lactivitat-agricola-a-sant-adria-a-larxiu-municipal","status":"publish","type":"post","link":"https:\/\/www.areabesos.com\/diario\/xerrada-sobre-lactivitat-agricola-a-sant-adria-a-larxiu-municipal\/","title":{"rendered":"Xerrada sobre l&#8217;activitat agr\u00edcola a Sant Adri\u00e0 a l&#8217;Arxiu Municipal"},"content":{"rendered":"\n<p>L&#8217;Arxiu Municipal acull una xerrada sobre l&#8217;evoluci\u00f3 hist\u00f2rica de l&#8217;activitat agr\u00edcola al voltant de la desembocadura del Bes\u00f2s.<\/p>\n\n\n\n<p>Durant segles, l&#8217;espai que avui ocupa Sant Adri\u00e0 de Bes\u00f2s va acollir terrenys de cultiu que convivien amb les crescudes del riu. La pagesia adrianenca subministrava aliments als nuclis urbans propers com Badalona o Barcelona i aquesta activitat va condicionar la geografia, l&#8217;organitzaci\u00f3 social i la identitat de la poblaci\u00f3 local.&nbsp;<\/p>\n\n\n\n<p>El dia 3 de juny a les 18.30h, en David Cano, professional de la interpretaci\u00f3 del patrimoni, portar\u00e0 a terme una xerrada sobre l&#8217;evoluci\u00f3 hist\u00f2rica del sector agr\u00edcola que, si b\u00e9 avui ha desaparegut de Sant Adri\u00e0, va ser central en la vida del nostre municipi fins fa pocs anys.<\/p>\n","protected":false},"excerpt":{"rendered":"<p>L&#8217;Arxiu Municipal acull una xerrada sobre l&#8217;evoluci\u00f3 hist\u00f2rica de l&#8217;activitat agr\u00edcola al voltant de la desembocadura del Bes\u00f2s. Durant segles, l&#8217;espai que avui ocupa Sant Adri\u00e0 de Bes\u00f2s va acollir terrenys de cultiu que convivien amb les crescudes del riu. La pagesia adrianenca subministrava aliments als nuclis urbans propers com Badalona o Barcelona i aquesta [&hellip;]<\/p>\n","protected":false},"author":2,"featured_media":8623,"comment_status":"closed","ping_status":"open","sticky":false,"template":"","format":"standard","meta":{"footnotes":""},"categories":[134],"tags":[],"class_list":{"0":"post-8621","1":"post","2":"type-post","3":"status-publish","4":"format-standard","5":"has-post-thumbnail","7":"category-actualitat"},"_links":{"self":[{"href":"https:\/\/www.areabesos.com\/diario\/wp-json\/wp\/v2\/posts\/8621","targetHints":{"allow":["GET"]}}],"collection":[{"href":"https:\/\/www.areabesos.com\/diario\/wp-json\/wp\/v2\/posts"}],"about":[{"href":"https:\/\/www.areabesos.com\/diario\/wp-json\/wp\/v2\/types\/post"}],"author":[{"embeddable":true,"href":"https:\/\/www.areabesos.com\/diario\/wp-json\/wp\/v2\/users\/2"}],"replies":[{"embeddable":true,"href":"https:\/\/www.areabesos.com\/diario\/wp-json\/wp\/v2\/comments?post=8621"}],"version-history":[{"count":1,"href":"https:\/\/www.areabesos.com\/diario\/wp-json\/wp\/v2\/posts\/8621\/revisions"}],"predecessor-version":[{"id":8622,"href":"https:\/\/www.areabesos.com\/diario\/wp-json\/wp\/v2\/posts\/8621\/revisions\/8622"}],"wp:featuredmedia":[{"embeddable":true,"href":"https:\/\/www.areabesos.com\/diario\/wp-json\/wp\/v2\/media\/8623"}],"wp:attachment":[{"href":"https:\/\/www.areabesos.com\/diario\/wp-json\/wp\/v2\/media?parent=8621"}],"wp:term":[{"taxonomy":"category","embeddable":true,"href":"https:\/\/www.areabesos.com\/diario\/wp-json\/wp\/v2\/categories?post=8621"},{"taxonomy":"post_tag","embeddable":true,"href":"https:\/\/www.areabesos.com\/diario\/wp-json\/wp\/v2\/tags?post=8621"}],"curies":[{"name":"wp","href":"https:\/\/api.w.org\/{rel}","templated":true}]}}