{"id":8618,"date":"2025-05-30T10:47:36","date_gmt":"2025-05-30T08:47:36","guid":{"rendered":"https:\/\/www.areabesos.com\/diario\/?p=8618"},"modified":"2025-05-30T10:50:57","modified_gmt":"2025-05-30T08:50:57","slug":"el-projecte-jesa-promou-la-practica-esportiva-i-els-habits-saludables-entre-el-col%c2%b7lectiu-jove","status":"publish","type":"post","link":"https:\/\/www.areabesos.com\/diario\/el-projecte-jesa-promou-la-practica-esportiva-i-els-habits-saludables-entre-el-col%c2%b7lectiu-jove\/","title":{"rendered":"El projecte JESA promou la pr\u00e0ctica esportiva i els h\u00e0bits saludables entre el col\u00b7lectiu jove"},"content":{"rendered":"\n<p>Aquest any 2025 s\u2019ha posat en marxa el programa\u00a0<strong>Joventut<\/strong>\u00a0<strong>Esportiva<\/strong>\u00a0<strong>Societat Activa (JESA),\u00a0<\/strong>impulsat per la Diputaci\u00f3 de Barcelona amb la col\u00b7laboraci\u00f3 de l\u2019Ajuntament de Sant Adri\u00e0. Aquesta iniciativa es desenvolupar\u00e0 fins a l\u2019any 2027 als barris de Sant Joan Baptista i de La Mina amb una subvenci\u00f3 anual de la Diputaci\u00f3 de 50.000 \u20ac.<\/p>\n\n\n\n<p>JESA \u00e9s un projecte transformador que t\u00e9 com a objectiu disminuir l\u2019abandonament esportiu i el sedentarisme entre els adolescents i joves de 12 a 18 anys i acompanyar-los perqu\u00e8 construeixin un projecte de vida amb h\u00e0bits saludables. A m\u00e9s, busca posar en valor la funci\u00f3 educativa de l\u2019esport com a eina de creixement personal, de protecci\u00f3 de conductes de risc per als joves i de millora de la vida comunit\u00e0ria.<\/p>\n\n\n\n<p>L\u2019equip del projecte est\u00e0 format per un coordinador, un educador i tres t\u00e8cnics esportius que treballant en xarxa amb les entitats dels barris han creat grups estables de joves que participen en activitats a places, parcs i poliesportius.<\/p>\n\n\n\n<p>Actualment una quarantena de joves hi participen en les activitats fixes seg\u00fcents: boxa mixta i b\u00e0dminton a la Zona Esportiva La Mina, calist\u00e8nia al parc del Bes\u00f2s i dinamitzaci\u00f3 esportiva a les pistes del Manuel V\u00e1zquez Montalb\u00e1n.Tamb\u00e9 s\u2019organitzen activitats puntuals com ara trobades esportives a la llera del riu Bes\u00f2s amb una xifra de participaci\u00f3 que pot arribar als 150 joves.<\/p>\n\n\n\n<p>L\u2019oferta d\u2019activitats \u00e9s flexible i s\u2019ampliar\u00e0 i adaptar\u00e0&nbsp;en funci\u00f3&nbsp;dels interessos dels joves, amb l\u2019objectiu de fomentar&nbsp;el seu&nbsp;benestar&nbsp;i el de la&nbsp;comunitat.<\/p>\n","protected":false},"excerpt":{"rendered":"<p>Aquest any 2025 s\u2019ha posat en marxa el programa\u00a0Joventut\u00a0Esportiva\u00a0Societat Activa (JESA),\u00a0impulsat per la Diputaci\u00f3 de Barcelona amb la col\u00b7laboraci\u00f3 de l\u2019Ajuntament de Sant Adri\u00e0. Aquesta iniciativa es desenvolupar\u00e0 fins a l\u2019any 2027 als barris de Sant Joan Baptista i de La Mina amb una subvenci\u00f3 anual de la Diputaci\u00f3 de 50.000 \u20ac. JESA \u00e9s un [&hellip;]<\/p>\n","protected":false},"author":2,"featured_media":8619,"comment_status":"closed","ping_status":"open","sticky":false,"template":"","format":"standard","meta":{"footnotes":""},"categories":[137],"tags":[],"class_list":{"0":"post-8618","1":"post","2":"type-post","3":"status-publish","4":"format-standard","5":"has-post-thumbnail","7":"category-esports"},"_links":{"self":[{"href":"https:\/\/www.areabesos.com\/diario\/wp-json\/wp\/v2\/posts\/8618","targetHints":{"allow":["GET"]}}],"collection":[{"href":"https:\/\/www.areabesos.com\/diario\/wp-json\/wp\/v2\/posts"}],"about":[{"href":"https:\/\/www.areabesos.com\/diario\/wp-json\/wp\/v2\/types\/post"}],"author":[{"embeddable":true,"href":"https:\/\/www.areabesos.com\/diario\/wp-json\/wp\/v2\/users\/2"}],"replies":[{"embeddable":true,"href":"https:\/\/www.areabesos.com\/diario\/wp-json\/wp\/v2\/comments?post=8618"}],"version-history":[{"count":1,"href":"https:\/\/www.areabesos.com\/diario\/wp-json\/wp\/v2\/posts\/8618\/revisions"}],"predecessor-version":[{"id":8620,"href":"https:\/\/www.areabesos.com\/diario\/wp-json\/wp\/v2\/posts\/8618\/revisions\/8620"}],"wp:featuredmedia":[{"embeddable":true,"href":"https:\/\/www.areabesos.com\/diario\/wp-json\/wp\/v2\/media\/8619"}],"wp:attachment":[{"href":"https:\/\/www.areabesos.com\/diario\/wp-json\/wp\/v2\/media?parent=8618"}],"wp:term":[{"taxonomy":"category","embeddable":true,"href":"https:\/\/www.areabesos.com\/diario\/wp-json\/wp\/v2\/categories?post=8618"},{"taxonomy":"post_tag","embeddable":true,"href":"https:\/\/www.areabesos.com\/diario\/wp-json\/wp\/v2\/tags?post=8618"}],"curies":[{"name":"wp","href":"https:\/\/api.w.org\/{rel}","templated":true}]}}