{"id":8612,"date":"2025-05-28T13:11:25","date_gmt":"2025-05-28T11:11:25","guid":{"rendered":"https:\/\/www.areabesos.com\/diario\/?p=8612"},"modified":"2025-05-28T13:12:36","modified_gmt":"2025-05-28T11:12:36","slug":"sant-adria-inaugura-la-temporada-de-bany-amb-les-seves-dues-platges-obertes-i-renovades","status":"publish","type":"post","link":"https:\/\/www.areabesos.com\/diario\/sant-adria-inaugura-la-temporada-de-bany-amb-les-seves-dues-platges-obertes-i-renovades\/","title":{"rendered":"Sant Adri\u00e0 inaugura la temporada de bany amb les seves dues platges obertes i renovades"},"content":{"rendered":"\n<p>Aquest&nbsp;<strong>dimecres 28 de maig<\/strong>&nbsp;l\u2019AMB ha donat&nbsp;<strong>el tret de sortida a la temporada de bany a les platges metropolitanes<\/strong>&nbsp;des de la&nbsp;<strong>platja del Litoral de Sant Adri\u00e0 de Bes\u00f2s<\/strong>, que obre als usuaris&nbsp;amb equipaments renovats,&nbsp;despr\u00e9s de quatre anys tancada per&nbsp;les tasques de neteja de la sorra que ha dut a terme el Ministeri per a la Transici\u00f3 Ecol\u00f2gica i el Repte Demogr\u00e0fic.<\/p>\n\n\n\n<p>L\u2019 AMB posa a disposici\u00f3 dels usuaris un total de&nbsp;<strong>30 km de platges<\/strong>&nbsp;als municipis de l\u2019\u00e0rea metropolitana&nbsp;equipades en funci\u00f3 de les&nbsp;<strong>seves necessitats i particularitats naturals. Les instal\u00b7lacions&nbsp;<\/strong>compleixen tots&nbsp;<strong>els ingredients de servei p\u00fablic<\/strong>: adaptats, inclusius, que fomenten l\u2019esport i h\u00e0bits saludables i que ofereixen una qualitat ambiental de primer ordre amb la preservaci\u00f3 ecol\u00f2gica dels sistemes dunars.<\/p>\n\n\n\n<p><strong>Les novetats m\u00e9s rellevants&nbsp;<\/strong><strong>de les platges metropolitanes<\/strong>&nbsp;en relaci\u00f3 al&nbsp;<strong>mobiliari i equipaments<\/strong>&nbsp;s\u00f3n la instal\u00b7laci\u00f3 de&nbsp;<strong>12 noves l\u00ednies de boies d\u2019ajuda al bany, la millora dels accessos amb m\u00e9s amplada<\/strong>, dues noves p\u00e8rgoles per a accessos adaptats amb ajuda al bany de Barcelona i elements esportius com instal\u00b7lacions de calist\u00e8nia o camps de v\u00f2ilei.<\/p>\n\n\n\n<p>L\u2019&nbsp;AMB continua invertint&nbsp;en<strong>&nbsp;l\u2019 accessibilitat<\/strong>&nbsp;a les platges i any rere any incorpora nous elements i equipaments que permeten aquesta inclusivitat dins l\u2019espai p\u00fablic. Al conjunt de les platges metropolitanes hi ha instal\u00b7lades&nbsp;<strong>16 p\u00e8rgoles, que sumen uns 450&nbsp;m<\/strong><sup><strong>2<\/strong><\/sup>,&nbsp;<strong>30 l\u00ednies de boies d\u2019ajuda al bany<\/strong>&nbsp;i&nbsp;<strong>576 unitats de passeres adaptades<\/strong>,que representen un total de&nbsp;<strong>1.900 metres lineals i 4.000 m<\/strong><sup><strong>2<\/strong><\/sup><strong>&nbsp;de superf\u00edcie<\/strong>.<\/p>\n\n\n\n<p><strong>L\u2019acte ha comptat amb Filo Ca\u00f1ete, alcaldessa de Sant Adri\u00e0 de Bes\u00f2s, Ramon Torra, el gerent de l\u2019AMB i Gemma Puig, meteor\u00f2loga del 3cat.<\/strong><strong><\/strong><\/p>\n\n\n\n<p><strong>Filo Ca\u00f1ete<\/strong>, alcaldessa de Sant Adri\u00e0 de Bes\u00f2s, s&#8217;ha mostrat molt satisfeta i ha destacat que \u00abavui \u00e9s un dia molt especial per a Sant Adri\u00e0 de Bes\u00f2s, donem el&nbsp;tret de sortida a la temporada de platges metropolitanes 2025 amb les nostres dues platges operatives al 100%\u00bb<\/p>\n\n\n\n<p><strong>Ramon Torra<\/strong>, gerent de l\u2019AMB, ha destacat que \u201cla col\u00b7laboraci\u00f3 entre diferents administracions p\u00fabliques competents ha perm\u00e8s la recuperaci\u00f3 i dignificaci\u00f3 d\u2019aquesta platja del litoral de Sant Adri\u00e0, que fa un pas endavant despr\u00e9s de quatre anys tancada, per\u00f2 encara queden molts reptes per endavant, com el Pla d\u2019Estabilitzaci\u00f3 de les platges metropolitanes\u201d.<\/p>\n\n\n\n<h3 class=\"wp-block-heading\"><strong>Equipaments renovats a les platges de Sant Adri\u00e0<\/strong><\/h3>\n\n\n\n<p class=\" \">L\u2019 AMB fa anys que aposta per&nbsp;<strong>les platges com uns espais p\u00fablics&nbsp;<\/strong>que&nbsp;<strong>combinen oci, lleure, salut i esport.&nbsp;<\/strong>En aquest sentit, enguany es refor\u00e7a l\u2019\u00e0mbit de la salut amb diferents mesures i equipaments.<\/p>\n\n\n\n<p class=\" \"><strong>A&nbsp;<\/strong><strong>la platja&nbsp;<\/strong><strong>del Litoral&nbsp;<\/strong><strong>de Sant Adri\u00e0<\/strong>&nbsp;les novetats m\u00e9s rellevants s\u00f3n&nbsp;la incorporaci\u00f3 d\u2019una&nbsp;instal\u00b7laci\u00f3&nbsp;esportiva de cal.list\u00e8nia, noves passeres, bancs i&nbsp;equipaments&nbsp;d\u2019aigua i s\u2019han renovat tamb\u00e9 quatre contenidors semisoterrats.&nbsp;<strong>A m\u00e9s a m\u00e9s,&nbsp;<\/strong><strong>est\u00e0 previst la&nbsp;<\/strong><strong>instal\u00b7laci\u00f3<\/strong><strong>&nbsp;de 4 camps de v\u00f2lei a les&nbsp;<\/strong><strong>dues&nbsp;<\/strong><strong>platges de la ciutat.<\/strong><\/p>\n\n\n\n<p>Tamb\u00e9 hi ha un increment exponencial dels tractaments preventius i refor\u00e7 de les desinfeccions. Amb la nova normativa, es fan anal\u00edtiques de punts terminals i es desinfecten anualment la xarxa d\u2019aigua de les dutxes i tots els ruixadors de dutxes i rentapeus, que sumen uns 800 elements. En aquests controls, tamb\u00e9 s\u2019hi inclouen altres elements com els m\u00f2duls de salvament i els lavabos.<\/p>\n\n\n\n<h3 class=\"wp-block-heading\"><strong>La platja del Litoral guanya sorra<\/strong><\/h3>\n\n\n\n<p class=\" \">La regressi\u00f3 estructural de sorra continua sent el problema principal al litoral metropolit\u00e0: ha provocat la desaparici\u00f3 d\u2019algunes platges de Montgat i una situaci\u00f3 de vulnerabilitat en altres platges metropolitanes.<\/p>\n\n\n\n<p class=\" \"><strong>Les platges del Barcelon\u00e8s nord i el baix Maresme han perdut uns 30.100 m<\/strong><sup><strong>2<\/strong><\/sup><strong>&nbsp;de superf\u00edcie<\/strong>&nbsp;(el 13%) en quatre anys. Pel que fa al volum,&nbsp;<strong>hi ha una p\u00e8rdua de 83.000 m<\/strong><sup><strong>3<\/strong><\/sup>, xifra que representa un&nbsp;<strong>15% menys de volum de platja emergida<\/strong>. Aquestes s\u00f3n algunes de les xifres de&nbsp;<a href=\"https:\/\/www.amb.cat\/web\/amb\/actualitat\/sala-de-premsa\/notes-de-premsa\/detall\/-\/notapremsa\/la-regressio-de-les-platges-del-nord-de-barcelona-continua-augmentant-\/26464708\/11696\">l\u2019\u00faltim estudi que l\u2019AMB va presentar el mes de febrer.<\/a><\/p>\n\n\n\n<p><strong>L\u2019ens metropolit\u00e0 continua reclamant l\u2019execuci\u00f3 d\u2019un Pla d\u2019Estabilitzaci\u00f3 al Ministeri&nbsp;<\/strong>per a la Transici\u00f3 Ecol\u00f2gica i el Repte Demogr\u00e0fic, que \u00e9s l\u2019organisme competent per implementar i construir la infraestructura adient per protegir el litoral, aix\u00ed com actuacions urgents a les platges que han desaparegut o que tenen un risc elevat de desapar\u00e8ixer.<\/p>\n\n\n\n<p><strong>La platja del Litoral de Sant Adri\u00e0 \u00e9s una excepci\u00f3<\/strong>&nbsp;ja&nbsp;que&nbsp;no pateix la regressi\u00f3 estructural de la resta del litoral metropolit\u00e0.&nbsp;La ra\u00f3 \u00e9s&nbsp;la seva ubicaci\u00f3&nbsp;just a la desembocadura del riu Bes\u00f2s, una font de sediments que la regenera de manera natural. En aquest sentit, la platja ha crescut una mica i ha passat a tenir un 4% m\u00e9s de sorra entre el 2020 i el 2024. Tot i aix\u00f2, els temporals de sud que han afectat el litoral metropolit\u00e0 els \u00faltims anys han provocat grans canvis topogr\u00e0fics i basculacions de la sorra de la platja.<\/p>\n\n\n\n<div><a href=\"https:\/\/www.areabesos.com\/diario\/wp-content\/uploads\/2025\/05\/AMB-JOSEP-CANO-1024x683.jpg\" class=\"td-modal-image\"><figure class=\"wp-block-image size-large\"><img loading=\"lazy\" decoding=\"async\" width=\"1024\" height=\"683\" src=\"https:\/\/www.areabesos.com\/diario\/wp-content\/uploads\/2025\/05\/AMB-JOSEP-CANO-1024x683.jpg\" alt=\"\" class=\"wp-image-8613\" title=\"presentaci\u00f3 AMB platges. Platja del Litoral\" srcset=\"https:\/\/www.areabesos.com\/diario\/wp-content\/uploads\/2025\/05\/AMB-JOSEP-CANO-1024x683.jpg 1024w, https:\/\/www.areabesos.com\/diario\/wp-content\/uploads\/2025\/05\/AMB-JOSEP-CANO-300x200.jpg 300w, https:\/\/www.areabesos.com\/diario\/wp-content\/uploads\/2025\/05\/AMB-JOSEP-CANO-768x512.jpg 768w, https:\/\/www.areabesos.com\/diario\/wp-content\/uploads\/2025\/05\/AMB-JOSEP-CANO-150x100.jpg 150w, https:\/\/www.areabesos.com\/diario\/wp-content\/uploads\/2025\/05\/AMB-JOSEP-CANO-696x464.jpg 696w, https:\/\/www.areabesos.com\/diario\/wp-content\/uploads\/2025\/05\/AMB-JOSEP-CANO-1068x712.jpg 1068w, https:\/\/www.areabesos.com\/diario\/wp-content\/uploads\/2025\/05\/AMB-JOSEP-CANO.jpg 1200w\" sizes=\"auto, (max-width: 1024px) 100vw, 1024px\" \/><figcaption class=\"wp-element-caption\">Foto: Josep Cano (AMB)<\/figcaption><\/figure><\/a><\/div>\n\n\n\n<p><strong>Platja del Litoral de Sant Adri\u00e0 de Bes\u00f2s. Foto: Josep Cano. AMB<\/strong><\/p>\n\n\n\n<p class=\" \">L\u2019obertura d\u2019aquesta platja suposa la culminaci\u00f3 d\u2019una transformaci\u00f3 natural i paisatg\u00edstica del tram baix del riu Bes\u00f2s, amb la&nbsp;renaturalitzaci\u00f3&nbsp;d\u2019aquest espai fluvial a Santa&nbsp;Coloma&nbsp;de Gramenet, que actualment es troba en la segona fase i permetr\u00e0&nbsp;connectar&nbsp;el Bes\u00f2s amb la serralada de Marina i el parc de Can Zam.<\/p>\n","protected":false},"excerpt":{"rendered":"<p>Aquest&nbsp;dimecres 28 de maig&nbsp;l\u2019AMB ha donat&nbsp;el tret de sortida a la temporada de bany a les platges metropolitanes&nbsp;des de la&nbsp;platja del Litoral de Sant Adri\u00e0 de Bes\u00f2s, que obre als usuaris&nbsp;amb equipaments renovats,&nbsp;despr\u00e9s de quatre anys tancada per&nbsp;les tasques de neteja de la sorra que ha dut a terme el Ministeri per a la Transici\u00f3 [&hellip;]<\/p>\n","protected":false},"author":2,"featured_media":8614,"comment_status":"closed","ping_status":"open","sticky":false,"template":"","format":"standard","meta":{"footnotes":""},"categories":[134],"tags":[],"class_list":{"0":"post-8612","1":"post","2":"type-post","3":"status-publish","4":"format-standard","5":"has-post-thumbnail","7":"category-actualitat"},"_links":{"self":[{"href":"https:\/\/www.areabesos.com\/diario\/wp-json\/wp\/v2\/posts\/8612","targetHints":{"allow":["GET"]}}],"collection":[{"href":"https:\/\/www.areabesos.com\/diario\/wp-json\/wp\/v2\/posts"}],"about":[{"href":"https:\/\/www.areabesos.com\/diario\/wp-json\/wp\/v2\/types\/post"}],"author":[{"embeddable":true,"href":"https:\/\/www.areabesos.com\/diario\/wp-json\/wp\/v2\/users\/2"}],"replies":[{"embeddable":true,"href":"https:\/\/www.areabesos.com\/diario\/wp-json\/wp\/v2\/comments?post=8612"}],"version-history":[{"count":2,"href":"https:\/\/www.areabesos.com\/diario\/wp-json\/wp\/v2\/posts\/8612\/revisions"}],"predecessor-version":[{"id":8616,"href":"https:\/\/www.areabesos.com\/diario\/wp-json\/wp\/v2\/posts\/8612\/revisions\/8616"}],"wp:featuredmedia":[{"embeddable":true,"href":"https:\/\/www.areabesos.com\/diario\/wp-json\/wp\/v2\/media\/8614"}],"wp:attachment":[{"href":"https:\/\/www.areabesos.com\/diario\/wp-json\/wp\/v2\/media?parent=8612"}],"wp:term":[{"taxonomy":"category","embeddable":true,"href":"https:\/\/www.areabesos.com\/diario\/wp-json\/wp\/v2\/categories?post=8612"},{"taxonomy":"post_tag","embeddable":true,"href":"https:\/\/www.areabesos.com\/diario\/wp-json\/wp\/v2\/tags?post=8612"}],"curies":[{"name":"wp","href":"https:\/\/api.w.org\/{rel}","templated":true}]}}