{"id":8609,"date":"2025-05-28T10:56:00","date_gmt":"2025-05-28T08:56:00","guid":{"rendered":"https:\/\/www.areabesos.com\/diario\/?p=8609"},"modified":"2025-05-28T12:02:37","modified_gmt":"2025-05-28T10:02:37","slug":"erc-sant-adria-defensa-un-salari-minim-catala-per-garantir-sous-dignes-per-a-tothom-a-sant-adria","status":"publish","type":"post","link":"https:\/\/www.areabesos.com\/diario\/erc-sant-adria-defensa-un-salari-minim-catala-per-garantir-sous-dignes-per-a-tothom-a-sant-adria\/","title":{"rendered":"ERC Sant Adri\u00e0 defensa un Salari M\u00ednim Catal\u00e0 per garantir sous dignes per a tothom a Sant Adri\u00e0"},"content":{"rendered":"\n<p>Esquerra Republicana de Catalunya va presentar, en el ple municipal celebrat aquest dilluns, una proposta per demanar a les institucions competents a establir un Salari M\u00ednim Interprofessional (SMI) espec\u00edfi c per a Catalunya.La proposta, que vol adaptar el salari m\u00ednim al cost real de la vida catalana, especialment en entorns metropolitans com Sant Adri\u00e0 de Bes\u00f2s, respon a una realitat preocupant: milers de persones treballadores al municipi no poden viure dignament tot i tenir feina.<br>Segons la regidora d\u2019ERC, Toni Hern\u00e1ndez, \u201cla gent que treballa ha de poder viure amb dignitat, i aix\u00f2 avui no passa a Sant Adri\u00e0. Treballar ja no \u00e9s garantia de sortir de la pobresa, i aix\u00f2 \u00e9s profundament injust\u201d.<br>La proposta es fonamenta en la Carta Social Europea, que estableix que el salari m\u00ednim ha de ser el 60% del salari mitj\u00e0. En el cas de Catalunya, aix\u00f2 equivaldria a uns 1.420 euros bruts mensuals en 14 pagues.<br>Durant la defensa de la moci\u00f3, Hern\u00e1ndez va insistir que \u201cun salari m\u00ednim catal\u00e0 no nom\u00e9s benefi ciaria les fam\u00edlies treballadores, sin\u00f3 que ajudaria a revitalitzar el comer\u00e7 de proximitat, evitant que ning\u00fa es quedi enrere\u201d.<br>Va recordar que municipis com Sant Adri\u00e0, amb una renda per c\u00e0pita baixa i feines mal pagades i inestables com l\u2019hostaleria, la neteja o el comer\u00e7, en serien dels principals benefi ciaris.<br>Els republicans va remarcar que, malgrat no ser compet\u00e8ncia municipal aprovar un SMI, els ajuntaments poden i han d\u2019al\u00e7ar la veu per defensar els drets de la seva ciutadania: \u201cAquest consistori ha pres posici\u00f3 moltes vegades en q\u00fcestions sense compet\u00e8ncia directa, i aquesta n\u2019ha de ser una m\u00e9s si volem ser coherents amb els valors que defensem\u201d, va concloure Hern\u00e1ndez.<br><strong>Urg\u00e8ncies en seguretat, administraci\u00f3 i esport<\/strong><br>A m\u00e9s de la proposta pel SMI catal\u00e0, Esquerra Republicana va aprofi tar el torn de precs i preguntes per posar damunt la taula diversos temes que preocupen greument la ciutadania i que evidencien una gesti\u00f3 defi cient per part de l\u2019equip de govern:<br><strong>Policia Local sense recursos suficients<\/strong><br>ERC va exigir explicacions sobre l\u2019estat del di\u00e0leg i la negociaci\u00f3 amb els sindicats policials i amb el funcionaris p\u00fablics d\u2019aquest servei. La preocupaci\u00f3 dels republicans \u00e9s la de fer que la ciutat funcioni i que la seguretat de la ciutadania estigui garantida.<br><strong>Mal funcionament de l\u2019administraci\u00f3 electr\u00f2nica<\/strong><br>Tamb\u00e9 es van denunciar les difi cultats d\u2019acc\u00e9s a serveis de l\u2019administraci\u00f3 electr\u00f2nica de l\u2019Ajuntament, especialment pel que fa a aquest acc\u00e9s per part de la ciutadania.<br>Els republicans van tornar a recordar la import\u00e0ncia que la digitalitzaci\u00f3 serveixi per millorar els processos i fer-los m\u00e9s f\u00e0cils i efi cients no per difi cultar la gesti\u00f3. <\/p>\n\n\n\n<p><strong>Equipaments esportius degradats<\/strong><br>Esquerra davant les promeses de l\u2019equip de govern de tenir solucionades les licitacions d\u2019alguns equipaments esportius municipals, va preguntar sobre en quin estat estan aquestes licitacions.<br>Sense resposta positiva per part de l\u2019equip de govern van posar en evid\u00e8ncia la deixadesa envers els equipaments esportius municipals, com la piscina del Ricart, el poliesportiu Marina-Bes\u00f2s o el mateix club de tenis, tots ells sense licitaci\u00f3 des de fa anys.<br><strong>Proc\u00e9s de fusi\u00f3 dels clubs de petanca<\/strong><br>Finalment, el grup va demanar una valoraci\u00f3 detallada del proc\u00e9s de fusi\u00f3 entre els clubs de petanca de la ciutat, Atl\u00e9tico Adrianense i Adrianense, davant les queixes d\u2019alguns membres d\u2019aquests clubs han expresat.<br><strong>Un model de ciutat amb veu pr\u00f2pia<\/strong><br>Per ERC Sant Adri\u00e0, aquest ple ha estat una nova mostra del seu comprom\u00eds amb una ciutat m\u00e9s justa, amb serveis de qualitat i amb una economia que no deixi ning\u00fa enrere. \u201cSom una ciutat que no es pot permetre m\u00e9s silenci davant un model de ciutat dormitori que no compartim.\u201d comenten fonts del partit a la ciutat.<\/p>\n\n\n\n<p><\/p>\n","protected":false},"excerpt":{"rendered":"<p>Esquerra Republicana de Catalunya va presentar, en el ple municipal celebrat aquest dilluns, una proposta per demanar a les institucions competents a establir un Salari M\u00ednim Interprofessional (SMI) espec\u00edfi c per a Catalunya.La proposta, que vol adaptar el salari m\u00ednim al cost real de la vida catalana, especialment en entorns metropolitans com Sant Adri\u00e0 de [&hellip;]<\/p>\n","protected":false},"author":2,"featured_media":8610,"comment_status":"closed","ping_status":"open","sticky":false,"template":"","format":"standard","meta":{"footnotes":""},"categories":[134],"tags":[],"class_list":{"0":"post-8609","1":"post","2":"type-post","3":"status-publish","4":"format-standard","5":"has-post-thumbnail","7":"category-actualitat"},"_links":{"self":[{"href":"https:\/\/www.areabesos.com\/diario\/wp-json\/wp\/v2\/posts\/8609","targetHints":{"allow":["GET"]}}],"collection":[{"href":"https:\/\/www.areabesos.com\/diario\/wp-json\/wp\/v2\/posts"}],"about":[{"href":"https:\/\/www.areabesos.com\/diario\/wp-json\/wp\/v2\/types\/post"}],"author":[{"embeddable":true,"href":"https:\/\/www.areabesos.com\/diario\/wp-json\/wp\/v2\/users\/2"}],"replies":[{"embeddable":true,"href":"https:\/\/www.areabesos.com\/diario\/wp-json\/wp\/v2\/comments?post=8609"}],"version-history":[{"count":1,"href":"https:\/\/www.areabesos.com\/diario\/wp-json\/wp\/v2\/posts\/8609\/revisions"}],"predecessor-version":[{"id":8611,"href":"https:\/\/www.areabesos.com\/diario\/wp-json\/wp\/v2\/posts\/8609\/revisions\/8611"}],"wp:featuredmedia":[{"embeddable":true,"href":"https:\/\/www.areabesos.com\/diario\/wp-json\/wp\/v2\/media\/8610"}],"wp:attachment":[{"href":"https:\/\/www.areabesos.com\/diario\/wp-json\/wp\/v2\/media?parent=8609"}],"wp:term":[{"taxonomy":"category","embeddable":true,"href":"https:\/\/www.areabesos.com\/diario\/wp-json\/wp\/v2\/categories?post=8609"},{"taxonomy":"post_tag","embeddable":true,"href":"https:\/\/www.areabesos.com\/diario\/wp-json\/wp\/v2\/tags?post=8609"}],"curies":[{"name":"wp","href":"https:\/\/api.w.org\/{rel}","templated":true}]}}